{"id":39113,"date":"2025-03-29T15:33:46","date_gmt":"2025-03-29T21:33:46","guid":{"rendered":"https:\/\/latinamericanliteraturetoday.org\/?p=39113"},"modified":"2025-03-29T21:12:20","modified_gmt":"2025-03-30T03:12:20","slug":"por-roma-y-otros-poemas","status":"publish","type":"post","link":"https:\/\/latinamericanliteraturetoday.org\/es\/2025\/03\/por-roma-y-otros-poemas\/","title":{"rendered":"\u201cPor Roma\u201d y otros poemas"},"content":{"rendered":"<p><b>Una semana leyendo a los poetas latinos<\/b><\/p>\n<p><span style=\"font-weight: 400;\">Junto al mar<br \/>\n<\/span><span style=\"font-weight: 400;\">agobiado por el tedio y el verano<br \/>\n<\/span><span style=\"font-weight: 400;\">encontr\u00e9 a los poetas latinos con t\u00fanica blanca y sandalias<br \/>\n<\/span><span style=\"font-weight: 400;\">arrastrando un arpa por las playas arenosas del Pac\u00edfico;<br \/>\n<\/span><span style=\"font-weight: 400;\">con ellos, con la alegr\u00eda de tenerlos aqu\u00ed diciendo<br \/>\n<\/span><span style=\"font-weight: 400;\">\u00absicilianas musas, un poco m\u00e1s alto cantemos\u00bb<br \/>\n<\/span><span style=\"font-weight: 400;\">recobr\u00e9 el perdido inter\u00e9s por el verso<br \/>\n<\/span><span style=\"font-weight: 400;\">y uni\u00e9ndome al grupo<br \/>\n<\/span><span style=\"font-weight: 400;\">camin\u00e9 siete d\u00edas por tus calles, oh Lima.<\/span><\/p>\n<p>&nbsp;<\/p>\n<p><b>Poema sobre el amor a la sabidur\u00eda<\/b><\/p>\n<p><span style=\"font-weight: 400;\">Cuando el coraz\u00f3n est\u00e1 destruido<br \/>\n<\/span><span style=\"font-weight: 400;\">y encima de la pobre cabeza enferma<br \/>\n<\/span><span style=\"font-weight: 400;\">los d\u00edas se desploman como membrillos<br \/>\n<\/span><span style=\"font-weight: 400;\">resulta muy hermoso<br \/>\n<\/span><span style=\"font-weight: 400;\">y muy agradable<br \/>\n<\/span><span style=\"font-weight: 400;\">amanecer cualquier ma\u00f1ana sobre la cama<br \/>\n<\/span><span style=\"font-weight: 400;\">completamente desnudo<br \/>\n<\/span><span style=\"font-weight: 400;\">suspirando entre los largu\u00edsimos brazos de<br \/>\n<\/span><span style=\"font-weight: 400;\">\u00a0\u00a0\u00a0\u00a0\u00a0la sabidur\u00eda.<\/span><\/p>\n<p>&nbsp;<\/p>\n<p><b>Por Roma<\/b><\/p>\n<p><span style=\"font-weight: 400;\">Alguna vez mir\u00e9 c\u00f3mo se reflejaban en las aguas del T\u00edber<br \/>\n<\/span><span style=\"font-weight: 400;\">\u00a0\u00a0\u00a0\u00a0\u00a0los rostros arrugados de las musas.<br \/>\n<\/span><i><span style=\"font-weight: 400;\">\u2013Ya todo ha sido dicho, ya todo ha sido dicho \u2013<\/span><\/i><span style=\"font-weight: 400;\">repet\u00edan<br \/>\n<\/span><span style=\"font-weight: 400;\">\u00a0\u00a0\u00a0\u00a0\u00a0las pobres,<br \/>\n<\/span><span style=\"font-weight: 400;\">Y yo las observaba desde el puente <\/span><i><span style=\"font-weight: 400;\">Sant\u2019Angelo<\/span><\/i><span style=\"font-weight: 400;\">, fumando<br \/>\n<\/span><span style=\"font-weight: 400;\">\u00a0\u00a0\u00a0\u00a0\u00a0un cigarrillo<br \/>\n<\/span><span style=\"font-weight: 400;\">hasta que ante nosotros<br \/>\n<\/span><span style=\"font-weight: 400;\">\u2014musas, gatos, vecinos\u2014<br \/>\n<\/span><span style=\"font-weight: 400;\">un muchachito p\u00e1lido cay\u00f3 pesadamente de lo alto<br \/>\n<\/span><span style=\"font-weight: 400;\">y todos suspiramos, claro est\u00e1.<\/span><\/p>\n<p><span style=\"font-weight: 400;\">Luego surqu\u00e9 los cielos y volv\u00ed<br \/>\n<\/span><span style=\"font-weight: 400;\">al nido de mis padres<br \/>\n<\/span><span style=\"font-weight: 400;\">donde escribo estas l\u00edneas y prospero<br \/>\n<\/span><span style=\"font-weight: 400;\">en el dif\u00edcil arte<br \/>\n<\/span><span style=\"font-weight: 400;\">de la fabricaci\u00f3n de nidos y refugios.<\/span><\/p>\n<p><span style=\"font-weight: 400;\">Mas quiera Dios<br \/>\n<\/span><span style=\"font-weight: 400;\">que alguna vez regrese y viva en el hospicio de la Isla Tiberina<br \/>\n<\/span><span style=\"font-weight: 400;\">y acaso hasta me pudra bajo un pino mar\u00edtimo<br \/>\n<\/span><span style=\"font-weight: 400;\">no importa si en silencio<br \/>\n<\/span><span style=\"font-weight: 400;\">recordando a los l\u00edricos<br \/>\n<\/span><span style=\"font-weight: 400;\">acariciando el lomo de una gata<br \/>\n<\/span><span style=\"font-weight: 400;\">mirando reflejarse en las aguas del T\u00edber<br \/>\n<\/span><span style=\"font-weight: 400;\">los rostros arrugados de las musas.<\/span><\/p>\n<p>&nbsp;<\/p>\n<p><b>El disc\u00edpulo amado<\/b><\/p>\n<p><span style=\"font-weight: 400;\">No estoy precisamente en Patmos, sino frente<br \/>\n<\/span><span style=\"font-weight: 400;\">\u00a0\u00a0\u00a0\u00a0\u00a0al Pac\u00edfico<br \/>\n<\/span><span style=\"font-weight: 400;\">al fin de un espig\u00f3n, ante las olas, bajo la<br \/>\n<\/span><span style=\"font-weight: 400;\">\u00a0\u00a0\u00a0\u00a0\u00a0tarde fresca;<br \/>\n<\/span><span style=\"font-weight: 400;\">as\u00ed como dorm\u00ed sobre tu hombro<br \/>\n<\/span><span style=\"font-weight: 400;\">quisiera dormir hoy<br \/>\n<\/span><span style=\"font-weight: 400;\">y yendo sin temor por el<br \/>\n<\/span><span style=\"font-weight: 400;\">\u00a0\u00a0\u00a0\u00a0\u00a0abismo<br \/>\n<\/span><span style=\"font-weight: 400;\">volver a tu ciudad.<\/span><\/p>\n<p><span style=\"font-weight: 400;\">Pero algo hay que se quiebra<br \/>\n<\/span><span style=\"font-weight: 400;\">y que se desmorona<br \/>\n<\/span><span style=\"font-weight: 400;\">aunque pones en m\u00ed tu dura mano diciendo que<br \/>\n<\/span><span style=\"font-weight: 400;\">\u00a0\u00a0\u00a0\u00a0\u00a0no tema<br \/>\n<\/span><span style=\"font-weight: 400;\">porque eres el primero y el<br \/>\n<\/span><span style=\"font-weight: 400;\">\u00a0\u00a0\u00a0\u00a0\u00a0postrero<br \/>\n<\/span><span style=\"font-weight: 400;\">y yo soy el amado<br \/>\n<\/span><span style=\"font-weight: 400;\">incluso si en la arena<br \/>\n<\/span><span style=\"font-weight: 400;\">como las olas fr\u00edas desfallezco.<\/span><\/p>\n<p><span style=\"font-weight: 400;\">No creas que me olvido<br \/>\n<\/span><span style=\"font-weight: 400;\">\u00a0\u00a0\u00a0\u00a0\u00a0\u00a0\u00a0\u00a0\u00a0\u00a0\u00a0\u00a0\u00a0\u00a0\u00a0\u00a0\u00a0\u00a0\u00a0\u00a0\u00a0\u00a0\u00a0\u00a0\u00a0\u00a0\u00a0\u00a0\u00a0\u00a0\u00a0\u00a0\u00a0\u00a0\u00a0\u00a0\u00a0\u00a0del anunciado d\u00eda<br \/>\n<\/span><i><span style=\"font-weight: 400;\">en que todos aquellos que no sean hallados en<br \/>\n<\/span><\/i><i><span style=\"font-weight: 400;\">\u00a0\u00a0\u00a0\u00a0\u00a0el libro<br \/>\n<\/span><\/i><i><span style=\"font-weight: 400;\">ir\u00e1n a dar al fuego<br \/>\n<\/span><\/i><i><span style=\"font-weight: 400;\">y el resto de las naves partir\u00e1.<\/span><\/i><\/p>\n<p><span style=\"font-weight: 400;\">Mas qu\u00e9 d\u00edas<br \/>\n<\/span><span style=\"font-weight: 400;\">ser\u00e1n \u00e9stos<br \/>\n<\/span><span style=\"font-weight: 400;\">\u00a0\u00a0\u00a0\u00a0\u00a0\u00a0\u00a0\u00a0\u00a0\u00a0\u00a0\u00a0\u00a0\u00a0\u00a0\u00a0\u00a0si en mis visiones simples<br \/>\n<\/span><span style=\"font-weight: 400;\">con aves naturales<br \/>\n<\/span><span style=\"font-weight: 400;\">esp\u00edritus sencillos y neblina<br \/>\n<\/span><span style=\"font-weight: 400;\">confundo a los ba\u00f1istas con los muertos<br \/>\n<\/span><span style=\"font-weight: 400;\">y apenas si pregunto por lo eterno.<\/span><\/p>\n<p>&nbsp;<\/p>\n<h6><span style=\"font-weight: 400;\">Foto: L\u00e9onard Cotte, Unsplash.<\/span><\/h6>\n","protected":false},"excerpt":{"rendered":"<p>Una semana leyendo a los poetas latinos Junto al mar agobiado por el tedio y el verano encontr\u00e9 a los poetas latinos con t\u00fanica blanca y sandalias arrastrando un arpa por las playas arenosas del Pac\u00edfico; con ellos, con la alegr\u00eda de tenerlos aqu\u00ed diciendo \u00absicilianas musas, un poco m\u00e1s alto cantemos\u00bb recobr\u00e9 el perdido [&hellip;]<\/p>\n","protected":false},"author":5,"featured_media":39010,"comment_status":"open","ping_status":"open","sticky":false,"template":"","format":"standard","meta":{"_acf_changed":false,"footnotes":""},"categories":[2888],"tags":[5254],"genre":[],"pretext":[],"section":[],"translator":[],"lal_author":[5274],"class_list":["post-39113","post","type-post","status-publish","format-standard","has-post-thumbnail","hentry","category-poesia","tag-numero-33","lal_author-alonso-ruiz-rosas"],"acf":[],"_links":{"self":[{"href":"https:\/\/latinamericanliteraturetoday.org\/es\/wp-json\/wp\/v2\/posts\/39113","targetHints":{"allow":["GET"]}}],"collection":[{"href":"https:\/\/latinamericanliteraturetoday.org\/es\/wp-json\/wp\/v2\/posts"}],"about":[{"href":"https:\/\/latinamericanliteraturetoday.org\/es\/wp-json\/wp\/v2\/types\/post"}],"author":[{"embeddable":true,"href":"https:\/\/latinamericanliteraturetoday.org\/es\/wp-json\/wp\/v2\/users\/5"}],"replies":[{"embeddable":true,"href":"https:\/\/latinamericanliteraturetoday.org\/es\/wp-json\/wp\/v2\/comments?post=39113"}],"version-history":[{"count":4,"href":"https:\/\/latinamericanliteraturetoday.org\/es\/wp-json\/wp\/v2\/posts\/39113\/revisions"}],"predecessor-version":[{"id":39504,"href":"https:\/\/latinamericanliteraturetoday.org\/es\/wp-json\/wp\/v2\/posts\/39113\/revisions\/39504"}],"wp:featuredmedia":[{"embeddable":true,"href":"https:\/\/latinamericanliteraturetoday.org\/es\/wp-json\/wp\/v2\/media\/39010"}],"wp:attachment":[{"href":"https:\/\/latinamericanliteraturetoday.org\/es\/wp-json\/wp\/v2\/media?parent=39113"}],"wp:term":[{"taxonomy":"category","embeddable":true,"href":"https:\/\/latinamericanliteraturetoday.org\/es\/wp-json\/wp\/v2\/categories?post=39113"},{"taxonomy":"post_tag","embeddable":true,"href":"https:\/\/latinamericanliteraturetoday.org\/es\/wp-json\/wp\/v2\/tags?post=39113"},{"taxonomy":"genre","embeddable":true,"href":"https:\/\/latinamericanliteraturetoday.org\/es\/wp-json\/wp\/v2\/genre?post=39113"},{"taxonomy":"pretext","embeddable":true,"href":"https:\/\/latinamericanliteraturetoday.org\/es\/wp-json\/wp\/v2\/pretext?post=39113"},{"taxonomy":"section","embeddable":true,"href":"https:\/\/latinamericanliteraturetoday.org\/es\/wp-json\/wp\/v2\/section?post=39113"},{"taxonomy":"translator","embeddable":true,"href":"https:\/\/latinamericanliteraturetoday.org\/es\/wp-json\/wp\/v2\/translator?post=39113"},{"taxonomy":"lal_author","embeddable":true,"href":"https:\/\/latinamericanliteraturetoday.org\/es\/wp-json\/wp\/v2\/lal_author?post=39113"}],"curies":[{"name":"wp","href":"https:\/\/api.w.org\/{rel}","templated":true}]}}