{"id":36351,"date":"2024-09-23T03:01:35","date_gmt":"2024-09-23T09:01:35","guid":{"rendered":"https:\/\/latinamericanliteraturetoday.org\/?p=36351"},"modified":"2024-09-26T16:35:54","modified_gmt":"2024-09-26T22:35:54","slug":"tres-autores-tres-bandas-de-rock","status":"publish","type":"post","link":"https:\/\/latinamericanliteraturetoday.org\/es\/2024\/09\/tres-autores-tres-bandas-de-rock\/","title":{"rendered":"Intro: Tres autores, tres bandas de rock"},"content":{"rendered":"<p><span style=\"font-weight: 400;\">Tres autores escriben sobre tres bandas de rock a las cuales les dedicaron un libro: Walter Lezcano, autor de <\/span><i><span style=\"font-weight: 400;\">La belleza del ruido, una aproximaci\u00f3n al viaje de Su\u00e1rez y Rosario Bl\u00e9fari<\/span><\/i><span style=\"font-weight: 400;\"> (Gourmet Musical, 2024); Humphrey Inzillo, coautor junto a Mart\u00edn Correa y Pablo Marchetti de <\/span><i><span style=\"font-weight: 400;\">La \u00faltima noche de Patricio Rey<\/span><\/i><span style=\"font-weight: 400;\"> (Gourmet Musical, 2021); y Vera Land, coautora, junto a Enrique Symns, de <\/span><i><span style=\"font-weight: 400;\">Los tres, la \u00faltima canci\u00f3n<\/span><\/i><span style=\"font-weight: 400;\"> (Gourmet Musical, reedici\u00f3n 2024).\u00a0\u00a0<\/span><\/p>\n<p><span style=\"font-weight: 400;\">Bandas inscritas en la explosi\u00f3n del rock latinoamericano de los noventa, con ra\u00edces en el underground de los ochenta, disueltas en los tempranos 2000 y cuyos legados se expanden en la actualidad.\u00a0<\/span><\/p>\n<p><span style=\"font-weight: 400;\">Rosario Bl\u00e9fari fue una compositora, cantante, actriz y poeta argentina, integrante fundamental de la banda de culto Su\u00e1rez, de gran inspiraci\u00f3n para el nutrido indie rock, pop experimental y rock alternativo. Nacida el 24 de diciembre de 1965, pertenece a la generaci\u00f3n dorada que renov\u00f3 el rock argentino y engorda la triste lista de artistas fallecidos en el fat\u00eddico 2020, en su caso, tras una larga enfermedad. Tanto la discograf\u00eda de Su\u00e1rez como el desarrollo del repertorio solista de Rosario, con siete \u00e1lbumes de estudio, tienen una valoraci\u00f3n ascendente. Su obra se completa con los libros <\/span><i><span style=\"font-weight: 400;\">Poemas en prosa<\/span><\/i><span style=\"font-weight: 400;\"> (2001), <\/span><i><span style=\"font-weight: 400;\">La m\u00fasica equivocada<\/span><\/i><span style=\"font-weight: 400;\"> (2009), <\/span><i><span style=\"font-weight: 400;\">Antes del r\u00edo<\/span><\/i><span style=\"font-weight: 400;\"> (2016), <\/span><i><span style=\"font-weight: 400;\">Diario del dinero<\/span><\/i><span style=\"font-weight: 400;\"> (2020), entre otros.\u00a0<\/span><\/p>\n<p><span style=\"font-weight: 400;\">Patricio Rey y sus Redonditos de Ricota es la banda de rock argentina de la cual se han escrito biograf\u00edas, ensayos, memorias y cr\u00f3nicas. Proscriptos para tocar en vivo en la ciudad de Buenos Aires, contaron con una audiencia dispuesta a trasladarse a cualquier punto del pa\u00eds para verlos (o a su compositor y l\u00edder, Indio Solari, despu\u00e9s de la disoluci\u00f3n), generando un impacto econ\u00f3mico positivo en pueblos bonaerenses o sure\u00f1os repentinamente invadidos por cientos de miles de seguidores, familias, grupos de amigos; una multitud estigmatizada por los medios de comunicaci\u00f3n conservadores, que, sin embargo, era capaz de realizar \u201cel pogo m\u00e1s grande del mundo\u201d sin provocar lesiones a nadie. Indio Solari comenz\u00f3 cantando para un reducido p\u00fablico universitario en la ciudad de La Plata, luego tuvo una audiencia de vanguardia art\u00edstica y a mediados de los noventa conect\u00f3 con las capas populares, con la juventud despose\u00edda. Actualmente impedido de dar recitales por su avanzado parkinson, contin\u00faa componiendo canciones y dirigiendo su segunda banda Los Fundamentalistas del Aire Acondicionado, quienes interpreta las canciones de una manera superior a las originales. En los conciertos, la participaci\u00f3n de Solari se limita a un holograma y sobregrabaciones en una canci\u00f3n elegida.\u00a0\u00a0<\/span><\/p>\n<p><span style=\"font-weight: 400;\">En principio Los Tres fue una banda de rock &amp; roll, rockabilly, folk americano y jazz. Pero el encuentro con Roberto Parra le transmiti\u00f3 al compositor \u00c1lvaro Henr\u00edquez la influencia de las cuecas choras y el jazz guachaca, lo cual deriv\u00f3 en un territorio creativo nuevo. Tras la disoluci\u00f3n, los proyectos iniciados por cada uno de los integrantes y la vuelta con otra formaci\u00f3n, demostr\u00f3 que el sonido de Los Tres \u00fanicamente se da con los integrantes originales. En la actualidad, reunidos otra vez, son los int\u00e9rpretes de su propio legado y conmueven a las nuevas generaciones; innovadores y pol\u00e9micos, convertidos en cl\u00e1sicos indiscutidos.\u00a0<\/span><\/p>\n<p>&nbsp;<\/p>\n<p style=\"text-align: center;\">\t\t<div data-elementor-type=\"page\" data-elementor-id=\"36702\" class=\"elementor elementor-36702 elementor-36698\" data-elementor-post-type=\"elementor_library\">\n\t\t\t\t\t\t<section class=\"has_ae_slider elementor-section elementor-top-section elementor-element elementor-element-2f32464 elementor-section-content-middle elementor-section-boxed elementor-section-height-default elementor-section-height-default ae-bg-gallery-type-default\" data-id=\"2f32464\" data-element_type=\"section\" data-e-type=\"section\">\n\t\t\t\t\t\t<div class=\"elementor-container elementor-column-gap-default\">\n\t\t\t\t\t<div class=\"has_ae_slider elementor-column elementor-col-100 elementor-top-column elementor-element elementor-element-0c361a2 ae-bg-gallery-type-default\" data-id=\"0c361a2\" data-element_type=\"column\" data-e-type=\"column\">\n\t\t\t<div class=\"elementor-widget-wrap elementor-element-populated\">\n\t\t\t\t\t\t<div class=\"elementor-element elementor-element-7bf5823 elementor-align-center elementor-widget__width-initial elementor-widget elementor-widget-button\" data-id=\"7bf5823\" data-element_type=\"widget\" data-e-type=\"widget\" data-widget_type=\"button.default\">\n\t\t\t\t<div class=\"elementor-widget-container\">\n\t\t\t\t\t\t\t\t\t<div class=\"elementor-button-wrapper\">\n\t\t\t\t\t<a class=\"elementor-button elementor-button-link elementor-size-sm\" href=\"https:\/\/bookshop.org\/lists\/issue-31\" target=\"_blank\" rel=\"noopener\">\n\t\t\t\t\t\t<span class=\"elementor-button-content-wrapper\">\n\t\t\t\t\t\t\t\t\t<span class=\"elementor-button-text\">COMPRA LOS LIBROS DESTACADOS EN ESTE N\u00daMERO EN NUESTRA P\u00c1GINA DE BOOKSHOP<\/span>\n\t\t\t\t\t<\/span>\n\t\t\t\t\t<\/a>\n\t\t\t\t<\/div>\n\t\t\t\t\t\t\t\t<\/div>\n\t\t\t\t<\/div>\n\t\t\t\t\t<\/div>\n\t\t<\/div>\n\t\t\t\t\t<\/div>\n\t\t<\/section>\n\t\t\t\t<\/div>\n\t\t<\/p>\n<h6><\/h6>\n<h6><span style=\"font-weight: 400;\">Foto: Ana Grave, Unsplash.<\/span><\/h6>\n","protected":false},"excerpt":{"rendered":"<p>Tres autores escriben sobre tres bandas de rock a las cuales les dedicaron un libro: Walter Lezcano, autor de La belleza del ruido, una aproximaci\u00f3n al viaje de Su\u00e1rez y Rosario Bl\u00e9fari (Gourmet Musical, 2024); Humphrey Inzillo, coautor junto a Mart\u00edn Correa y Pablo Marchetti de La \u00faltima noche de Patricio Rey (Gourmet Musical, 2021); [&hellip;]<\/p>\n","protected":false},"author":5,"featured_media":37288,"comment_status":"open","ping_status":"open","sticky":false,"template":"","format":"standard","meta":{"_acf_changed":false,"footnotes":""},"categories":[5090],"tags":[5093],"genre":[],"pretext":[],"section":[],"translator":[],"lal_author":[5055],"class_list":["post-36351","post","type-post","status-publish","format-standard","has-post-thumbnail","hentry","category-dossier-literatura-y-rock","tag-numero-31","lal_author-andrea-alvarez-mujica"],"acf":[],"_links":{"self":[{"href":"https:\/\/latinamericanliteraturetoday.org\/es\/wp-json\/wp\/v2\/posts\/36351","targetHints":{"allow":["GET"]}}],"collection":[{"href":"https:\/\/latinamericanliteraturetoday.org\/es\/wp-json\/wp\/v2\/posts"}],"about":[{"href":"https:\/\/latinamericanliteraturetoday.org\/es\/wp-json\/wp\/v2\/types\/post"}],"author":[{"embeddable":true,"href":"https:\/\/latinamericanliteraturetoday.org\/es\/wp-json\/wp\/v2\/users\/5"}],"replies":[{"embeddable":true,"href":"https:\/\/latinamericanliteraturetoday.org\/es\/wp-json\/wp\/v2\/comments?post=36351"}],"version-history":[{"count":5,"href":"https:\/\/latinamericanliteraturetoday.org\/es\/wp-json\/wp\/v2\/posts\/36351\/revisions"}],"predecessor-version":[{"id":37260,"href":"https:\/\/latinamericanliteraturetoday.org\/es\/wp-json\/wp\/v2\/posts\/36351\/revisions\/37260"}],"wp:featuredmedia":[{"embeddable":true,"href":"https:\/\/latinamericanliteraturetoday.org\/es\/wp-json\/wp\/v2\/media\/37288"}],"wp:attachment":[{"href":"https:\/\/latinamericanliteraturetoday.org\/es\/wp-json\/wp\/v2\/media?parent=36351"}],"wp:term":[{"taxonomy":"category","embeddable":true,"href":"https:\/\/latinamericanliteraturetoday.org\/es\/wp-json\/wp\/v2\/categories?post=36351"},{"taxonomy":"post_tag","embeddable":true,"href":"https:\/\/latinamericanliteraturetoday.org\/es\/wp-json\/wp\/v2\/tags?post=36351"},{"taxonomy":"genre","embeddable":true,"href":"https:\/\/latinamericanliteraturetoday.org\/es\/wp-json\/wp\/v2\/genre?post=36351"},{"taxonomy":"pretext","embeddable":true,"href":"https:\/\/latinamericanliteraturetoday.org\/es\/wp-json\/wp\/v2\/pretext?post=36351"},{"taxonomy":"section","embeddable":true,"href":"https:\/\/latinamericanliteraturetoday.org\/es\/wp-json\/wp\/v2\/section?post=36351"},{"taxonomy":"translator","embeddable":true,"href":"https:\/\/latinamericanliteraturetoday.org\/es\/wp-json\/wp\/v2\/translator?post=36351"},{"taxonomy":"lal_author","embeddable":true,"href":"https:\/\/latinamericanliteraturetoday.org\/es\/wp-json\/wp\/v2\/lal_author?post=36351"}],"curies":[{"name":"wp","href":"https:\/\/api.w.org\/{rel}","templated":true}]}}