{"id":3111,"date":"2019-08-10T21:34:25","date_gmt":"2019-08-11T03:34:25","guid":{"rendered":"http:\/\/latinamericanliteraturetoday.wp\/2019\/08\/graphic-novel-captures-moments-camera-missed-interview-augusto-mora\/"},"modified":"2024-07-06T13:31:26","modified_gmt":"2024-07-06T19:31:26","slug":"graphic-novel-captures-moments-camera-missed-interview-augusto-mora","status":"publish","type":"post","link":"https:\/\/latinamericanliteraturetoday.org\/es\/2019\/08\/graphic-novel-captures-moments-camera-missed-interview-augusto-mora\/","title":{"rendered":"\u201cLa historieta \u2018capta\u2019 los momentos que se le escaparon a la c\u00e1mara\u201d: Una entrevista con Augusto Mora"},"content":{"rendered":"<style type=\"text\/css\">p.p1 {margin: 0.0px 0.0px 0.0px 0.0px; font: 12.0px 'Times New Roman'}<br \/>p.p2 {margin: 0.0px 0.0px 0.0px 0.0px; font: 12.0px 'Times New Roman'; min-height: 15.0px}<br \/><\/style>\n<div><\/div>\n<div class=\"caption\"><\/div>\n<p><span style=\"vertical-align: inherit;\"><span style=\"vertical-align: inherit;\">Augusto Mora es un historietista y dise\u00f1ador gr\u00e1fico mexicano. <\/span><span style=\"vertical-align: inherit;\">Autor de webcomics, historias y novelas gr\u00e1ficas, \u00faltimamente ha popularizado el estilo documental para transmitir la historia reciente de los movimientos estudiantiles en M\u00e9xico, desde el Tlatelolco hasta #YoSoy123. <\/span><span style=\"vertical-align: inherit;\">En esta conversaci\u00f3n nos cuenta de sus inicios y del proceso de creaci\u00f3n de su novela gr\u00e1fica <\/span><\/span><i><span style=\"vertical-align: inherit;\"><span style=\"vertical-align: inherit;\">Grito de Victoria<\/span><\/span><\/i><span style=\"vertical-align: inherit;\"><span style=\"vertical-align: inherit;\"> .<\/span><\/span><\/p>\n<p><b><span style=\"vertical-align: inherit;\"><span style=\"vertical-align: inherit;\">Radmila Stefkova:<\/span><\/span><\/b><span style=\"vertical-align: inherit;\"><span style=\"vertical-align: inherit;\"> \u00bfC\u00f3mo surgi\u00f3 tu inter\u00e9s por combinar tu dibujo con una expresi\u00f3n textual?<\/span><\/span><\/p>\n<p><b><span style=\"vertical-align: inherit;\"><span style=\"vertical-align: inherit;\">Augusto Mora:<\/span><\/span><\/b><span style=\"vertical-align: inherit;\"><span style=\"vertical-align: inherit;\"> Desde ni\u00f1o empez\u00f3 a dibujar, para m\u00ed y para mi hermano era como un juego. <\/span><span style=\"vertical-align: inherit;\">Juntos le\u00edamos la revista <\/span><\/span><i><span style=\"vertical-align: inherit;\"><span style=\"vertical-align: inherit;\">MadM\u00e9xico<\/span><\/span><\/i><span style=\"vertical-align: inherit;\"><span style=\"vertical-align: inherit;\"> , la edici\u00f3n en espa\u00f1ol y hac\u00edamos parodias entre nosotros de lo que le\u00edamos, de las caricaturas. <\/span><span style=\"vertical-align: inherit;\">Cuando cumpl\u00ed 15 a\u00f1os descubr\u00ed una escuela de c\u00f3mic, empec\u00e9 a tomar clases y me di cuenta de que uno se podr\u00eda dedicar a esto, que no era simplemente un juego. <\/span><span style=\"vertical-align: inherit;\">Los primeros trabajos que tuve fueron en el peri\u00f3dico <\/span><\/span><i><span style=\"vertical-align: inherit;\"><span style=\"vertical-align: inherit;\">Milenio<\/span><\/span><\/i><span style=\"vertical-align: inherit;\"><span style=\"vertical-align: inherit;\"> , gracias a autores como Jos\u00e9 Quintero. <\/span><span style=\"vertical-align: inherit;\">Yo estaba muy joven y all\u00ed conoc\u00ed el <\/span><\/span><i><span style=\"vertical-align: inherit;\"><span style=\"vertical-align: inherit;\">Taller del perro<\/span><\/span><\/i><span style=\"vertical-align: inherit;\"><span style=\"vertical-align: inherit;\"> , ellos me pasaron contactos de los primeros clientes que tuve. <\/span><span style=\"vertical-align: inherit;\">Ellos me integraron. <\/span><\/span><i><span style=\"vertical-align: inherit;\"><span style=\"vertical-align: inherit;\">Antes<\/span><\/span><\/i><span style=\"vertical-align: inherit;\"><span style=\"vertical-align: inherit;\">, por ejemplo, siempre comenta que soy el m\u00e1s joven de esta generaci\u00f3n, pero tambi\u00e9n el m\u00e1s grande de los que vienen atr\u00e1s. <\/span><span style=\"vertical-align: inherit;\">Estoy en el medio de estas dos generaciones.<\/span><\/span><\/p>\n<p><b><span style=\"vertical-align: inherit;\"><span style=\"vertical-align: inherit;\">RS:<\/span><\/span><\/b><span style=\"vertical-align: inherit;\"><span style=\"vertical-align: inherit;\"> Para entender el arte de Augusto Mora \u00bfqu\u00e9 debemos tener en mente? <\/span><span style=\"vertical-align: inherit;\">\u00bfQu\u00e9\/qui\u00e9n te ha inspirado?<\/span><\/span><\/p>\n<p><b><span style=\"vertical-align: inherit;\"><span style=\"vertical-align: inherit;\">AM:<\/span><\/span><\/b><span style=\"vertical-align: inherit;\"><span style=\"vertical-align: inherit;\"> Ha sido por etapas. <\/span><span style=\"vertical-align: inherit;\">Los primeros autores de c\u00f3mic que me gustaron me siguen gustando, pero en el transcurso de mi carrera he ido conociendo otros autores que me inspiran. <\/span><span style=\"vertical-align: inherit;\">En un principio me gustaban autores mexicanos del <\/span><\/span><i><span style=\"vertical-align: inherit;\"><span style=\"vertical-align: inherit;\">Taller del perro<\/span><\/span><\/i><span style=\"vertical-align: inherit;\"><span style=\"vertical-align: inherit;\"> , como Patricio Beteo, quien me fascinaba. <\/span><span style=\"vertical-align: inherit;\">Toda la tendencia del c\u00f3mic mexicano y norteamericano me gust\u00f3 cuando comenc\u00e9. <\/span><span style=\"vertical-align: inherit;\">Despu\u00e9s, empec\u00e9 a leer el c\u00f3mic que se hace en Europa, en particular a Paco Roca, adem\u00e1s de novela gr\u00e1fica de no ficci\u00f3n como Marjane Satrapi, Sarah Glidden, Joe Sacco y sus trabajos de documentaci\u00f3n y period\u00edsticos. <\/span><span style=\"vertical-align: inherit;\">La onda del c\u00f3mic <\/span><\/span><i><span style=\"vertical-align: inherit;\"><span style=\"vertical-align: inherit;\">underground<\/span><\/span><\/i><span style=\"vertical-align: inherit;\"><span style=\"vertical-align: inherit;\"> me gusta mucho tambi\u00e9n, autores como Robert Crumb, el c\u00f3mic <\/span><\/span><i><span style=\"vertical-align: inherit;\"><span style=\"vertical-align: inherit;\">Klaus<\/span><\/span><\/i><span style=\"vertical-align: inherit;\"><span style=\"vertical-align: inherit;\"> . <\/span><span style=\"vertical-align: inherit;\">Reci\u00e9n descubr\u00ed a un autor italiano, Gian Alfonso Pacinotti, firma como<\/span><\/span><i><span style=\"vertical-align: inherit;\"><span style=\"vertical-align: inherit;\">Gipi<\/span><\/span><\/i><span style=\"vertical-align: inherit;\"><span style=\"vertical-align: inherit;\"> . <\/span><span style=\"vertical-align: inherit;\">Mi estilo va evolucionando y creo que hay influencia de todos estos autores. <\/span><span style=\"vertical-align: inherit;\">Me fijo en c\u00f3mo cada uno resuelve las tintas o las acuarelas.<\/span><\/span><\/p>\n<p><b><span style=\"vertical-align: inherit;\"><span style=\"vertical-align: inherit;\">RS:<\/span><\/span><\/b><span style=\"vertical-align: inherit;\"><span style=\"vertical-align: inherit;\"> \u00bfCu\u00e1l es el cambio que ves en tu propia obra?<\/span><\/span><\/p>\n<p><b><span style=\"vertical-align: inherit;\"><span style=\"vertical-align: inherit;\">AM:<\/span><\/span><\/b><span style=\"vertical-align: inherit;\"><span style=\"vertical-align: inherit;\"> He ido refinando mis dibujos, en comparaci\u00f3n con mis trabajos tempranos, he hecho la l\u00ednea mucho m\u00e1s fina. <\/span><span style=\"vertical-align: inherit;\">De pronto mis trazos eran muy poligonales y las l\u00edneas muy gruesas, sal\u00eda mucha tinta. <\/span><span style=\"vertical-align: inherit;\">Creo que eso tenia un poco que ver con la inseguridad al momento de soltar el trazo. <\/span><span style=\"vertical-align: inherit;\">He ido afinando la l\u00ednea, intentando que el trazo sea de primea intenci\u00f3n, no duder al momento de salir el trazo. <\/span><span style=\"vertical-align: inherit;\">Eso habla de una evoluci\u00f3n, y esto pasa con un dibujante que duda de s\u00ed mismo y sus capacidades.<\/span><\/span><\/p>\n<p><b><span style=\"vertical-align: inherit;\"><span style=\"vertical-align: inherit;\">RS:<\/span><\/span><\/b><span style=\"vertical-align: inherit;\"><span style=\"vertical-align: inherit;\"> Trabaja con webc\u00f3mic serializado, tambi\u00e9n con comics cortos y novelas gr\u00e1ficas. <\/span><\/span><b> <\/b><span style=\"vertical-align: inherit;\"><span style=\"vertical-align: inherit;\">\u00bfC\u00f3mo escoges el formato para tus narrativas?<\/span><\/span><\/p>\n<p><b><span style=\"vertical-align: inherit;\"><span style=\"vertical-align: inherit;\">AM:<\/span><\/span><\/b><span style=\"vertical-align: inherit;\"><span style=\"vertical-align: inherit;\"> Depende mucho de la historia. <\/span><span style=\"vertical-align: inherit;\">No hacer suelo c\u00f3mic serializado por la cuesti\u00f3n de trabajar independientemente. <\/span><span style=\"vertical-align: inherit;\">En general me gusta hacer historias cerradas, autoconclusivas. <\/span><span style=\"vertical-align: inherit;\">Tiene que ver con la complejidad de la historia, la tem\u00e1tica, el desarrollo de los personajes. <\/span><span style=\"vertical-align: inherit;\">Es parecido a la diferencia entre un cuento literario y una novela. <\/span><span style=\"vertical-align: inherit;\">El cuento tiene que ver mucho con la acci\u00f3n, el impacto inmediato, mientras que en la novela puedes trabajar m\u00e1s con las historias de los personajes, desarrollarlas. <\/span><span style=\"vertical-align: inherit;\">Por ejemplo, en este cuento \u201cEn busca de una voz\u201d que trata de Tlatelolco, s\u00ed se habla un poco de la ni\u00f1ez del personaje, de d\u00f3nde viene, pero todo es muy r\u00e1pido. <\/span><span style=\"vertical-align: inherit;\">En dos o tres vi\u00f1etas se explica todo. <\/span><span style=\"vertical-align: inherit;\">El enfoque cae en la acci\u00f3n, en lo que pasa. <\/span><span style=\"vertical-align: inherit;\">Tiene que ver con esto.<\/span><\/span><\/p>\n<p><b><span style=\"vertical-align: inherit;\"><span style=\"vertical-align: inherit;\">RS:<\/span><\/span><\/b><span style=\"vertical-align: inherit;\"><span style=\"vertical-align: inherit;\"> Hemos llegado desde las historietas que se le\u00edan en el transporte p\u00fablico hasta novelas gr\u00e1ficas documentales. <\/span><span style=\"vertical-align: inherit;\">\u00bfC\u00f3mo ves t\u00fa la evoluci\u00f3n del lenguaje del c\u00f3mic en M\u00e9xico?<\/span><\/span><\/p>\n<p><span style=\"vertical-align: inherit;\"><span style=\"vertical-align: inherit;\">Esto de no darle la importancia o el valor que tiene el lenguaje del c\u00f3mic viene de las primeras historietas que se hicieron populares, fueron las historietas de entretenimiento puro, que sirvieron nada m\u00e1s en las tiras dominicales. <\/span><span style=\"vertical-align: inherit;\">Ven\u00edan al final, despu\u00e9s de todas las noticias del d\u00eda, ya para que te relajaras. <\/span><span style=\"vertical-align: inherit;\">Me parece que el lenguaje del c\u00f3mic es un camino m\u00e1s para contar historias, otro camino para tener contenidos, como lo es el cine, la prosa. <\/span><span style=\"vertical-align: inherit;\">Toda esta idea de empezar a hacer comics documentales surgi\u00f3 justamente gracias a ese libro <\/span><\/span><i><span style=\"vertical-align: inherit;\"><span style=\"vertical-align: inherit;\">Grito de Victoria<\/span><\/span><\/i><span style=\"vertical-align: inherit;\"><span style=\"vertical-align: inherit;\"> ,<\/span><\/span><i> <\/i><span style=\"vertical-align: inherit;\"><span style=\"vertical-align: inherit;\">porque yo hace seis a\u00f1os, en 2012, estuve viviendo muy de cerca el movimiento estudiantil que surgi\u00f3 a ra\u00edz de las elecciones. <\/span><span style=\"vertical-align: inherit;\">Veia de muy cerca todo lo que estaba pasando, las manifestaciones. <\/span><span style=\"vertical-align: inherit;\">Si bien no me considero un militante del movimiento, s\u00ed me toc\u00f3 estar en muchas marchas con gente con fuertes ideales en este momento. <\/span><span style=\"vertical-align: inherit;\">Me gust\u00f3 lo que hac\u00edan, su manera de luchar por la libertad de expresi\u00f3n, los medios de comunicaci\u00f3n, la democracia real. <\/span><span style=\"vertical-align: inherit;\">Entonces, al verme como un involucrado de pronto estando all\u00ed en las marchas me dije esto debe convertirse en una historia. <\/span><span style=\"vertical-align: inherit;\">Es importante que lo que est\u00e1 pasando en M\u00e9xico tambi\u00e9n lo conozcan en otros pa\u00edses, en otros lugares y por el medio de comunicaci\u00f3n que yo s\u00e9 usar, que es la historieta.<\/span><\/span><\/p>\n<p><b><span style=\"vertical-align: inherit;\"><span style=\"vertical-align: inherit;\">RS:<\/span><\/span><\/b><span style=\"vertical-align: inherit;\"><span style=\"vertical-align: inherit;\"> Entonces, \u00bfel libro tiene un toque autobiogr\u00e1fico?<\/span><\/span><\/p>\n<p><b><span style=\"vertical-align: inherit;\"><span style=\"vertical-align: inherit;\">AM: <\/span><\/span><\/b><span style=\"vertical-align: inherit;\"><span style=\"vertical-align: inherit;\">S\u00ed, de hecho, en el libro hay una secci\u00f3n en particular donde aparezco yo como personaje porque es una cosa que me toc\u00f3 vivir muy de cerca. <\/span><span style=\"vertical-align: inherit;\">Iba con mi novia en medio del tr\u00e1fico, hab\u00eda un embotellamiento, justamente fue un d\u00eda despu\u00e9s de las votaciones, 2 de julio, y hab\u00edan dado como ganador a Pe\u00f1a Nieto. <\/span><span style=\"vertical-align: inherit;\">Todo lo que hab\u00eda hecho el movimiento estudiantil durante los meses anteriores no super\u00f3, pues gan\u00f3 el PRI. <\/span><span style=\"vertical-align: inherit;\">Yo en ese periodo estaba investigando, sacando fotos, y le dije, bueno pues vamos a estacionarnos donde podamos y vamos a sacar fotos. <\/span><span style=\"vertical-align: inherit;\">Para nuestra sorpresa, la gente que estaba cerrando la calle no era gente enojada porque gan\u00f3 el PRI, sino que eran personas a las cuales les hab\u00edan prometido un pago por votar por el PRI, no les hab\u00edan pagado. <\/span><span style=\"vertical-align: inherit;\">Eran pri\u00edstas enojados con el mismo partido. <\/span><span style=\"vertical-align: inherit;\">Me pareci\u00f3 muy curiosa esa situaci\u00f3n,<\/span><\/span><i><span style=\"vertical-align: inherit;\"><span style=\"vertical-align: inherit;\">Grito de Victoria<\/span><\/span><\/i><span style=\"vertical-align: inherit;\"><span style=\"vertical-align: inherit;\"> es un libro muy cercano. <\/span><span style=\"vertical-align: inherit;\">Conoc\u00ed a mucha gente dentro del movimiento. <\/span><span style=\"vertical-align: inherit;\">Despu\u00e9s quise incluir la parte de 1971, un momento que por obvias razones no me toc\u00f3 vivir, pero pude hacer muchas entrevistas con gente que hab\u00eda estado en esa marcha. <\/span><span style=\"vertical-align: inherit;\">Pude recrear muchas cosas gracias a entrevistas, a an\u00e9cdotas que me iban contando, a mucha documentaci\u00f3n que obtuve, tanto en peri\u00f3dicos de la \u00e9poca como en libros y documentales.<\/span><\/span><\/p>\n<p><b><span style=\"vertical-align: inherit;\"><span style=\"vertical-align: inherit;\">RS:<\/span><\/span><\/b><span style=\"vertical-align: inherit;\"><span style=\"vertical-align: inherit;\"> \u00bfPuedes comentar m\u00e1s sobre este proceso de investigaci\u00f3n?<\/span><\/span><\/p>\n<p><b><span style=\"vertical-align: inherit;\"><span style=\"vertical-align: inherit;\">AM: <\/span><\/span><\/b><span style=\"vertical-align: inherit;\"><span style=\"vertical-align: inherit;\">Es una labor que requiere mucho tiempo. <\/span><span style=\"vertical-align: inherit;\">El primer contacto que hice para la investigaci\u00f3n fue con el comit\u00e9 del 68, un comit\u00e9 que todav\u00eda sigue vigente, en el que sobrevivientes todav\u00eda son los que organizan la marcha del 2 de octubre para conmemorar a Tlatelolco. <\/span><span style=\"vertical-align: inherit;\">Fueron mi primer acercamiento. <\/span><span style=\"vertical-align: inherit;\">La primera persona que entrevist\u00e9 fue a Ra\u00fal \u00c1lvarez Gar\u00edn quien empez\u00f3 a pasarme algunos contactos y datos. <\/span><span style=\"vertical-align: inherit;\">Luego conoc\u00ed a Joel Ortega Ju\u00e1rez, \u00e9l tambi\u00e9n fue parte del movimiento del 68, pero en el 71 fue uno de los l\u00edderes. <\/span><span style=\"vertical-align: inherit;\">Despu\u00e9s, fui a la hemeroteca en la biblioteca Miguel Lerdo de Tejada en la Ciudad de M\u00e9xico. <\/span><span style=\"vertical-align: inherit;\">Me puse a leer tanto los peri\u00f3dicos de los d\u00edas antes del 10 de junio como de los d\u00edas posteriores. <\/span><span style=\"vertical-align: inherit;\">Platiqu\u00e9 tambi\u00e9n con periodistas que hab\u00edan investigado sobre el tema. <\/span><span style=\"vertical-align: inherit;\">Al final de cuentas, utilizo m\u00e9todos de investigaci\u00f3n, <\/span><span style=\"vertical-align: inherit;\">pero no tengo formaci\u00f3n como periodista. <\/span><span style=\"vertical-align: inherit;\">El que me ayud\u00f3 mucho fue Joel Ortega, abri\u00f3 mucho e inclusive escribi\u00f3 el pr\u00f3logo de la primera edici\u00f3n del libro. <\/span><span style=\"vertical-align: inherit;\">Tambi\u00e9n iba a las marchas de los aniversarios del 68 y el 71 para platicar con personas que hab\u00edan estado en estos momentos. <\/span><span style=\"vertical-align: inherit;\">Se abrieron para darme su perspectiva, su experiencia. <\/span><span style=\"vertical-align: inherit;\">Con Luis Fernando hizo un recorrido por las calles donde pasaba la marcha, me habl\u00f3 de las cosas que se acordaba. <\/span><span style=\"vertical-align: inherit;\">Me dec\u00eda \u201caqu\u00ed se empezaban a escuchar los gritos y all\u00e1 aparec\u00edan los halcones con sus palos\u201d. <\/span><span style=\"vertical-align: inherit;\">Me contaba tambi\u00e9n de los chavos de una escuela secundaria que se asomaban a verlos. <\/span><span style=\"vertical-align: inherit;\">Yo represent\u00e9 estos detalles en los dibujos. <\/span><span style=\"vertical-align: inherit;\">Intent\u00e9 recrearlo lo m\u00e1s fiel posible, gracias a sus recuerdos. <\/span><span style=\"vertical-align: inherit;\">Gracias a estas pl\u00e1ticas yo estaba haciendo el mapa para mi obra. <\/span><span style=\"vertical-align: inherit;\">Son cosas que tal vez el lector ni va a notar, <\/span><span style=\"vertical-align: inherit;\">pero hay muchos detalles de estas historias orales. <\/span><span style=\"vertical-align: inherit;\">Por ejemplo, las pel\u00edculas que se mostraron en el cine en la calle de San Cosme realmente estaban este d\u00eda.<\/span><\/span><\/p>\n<p><b><span style=\"vertical-align: inherit;\"><span style=\"vertical-align: inherit;\">RS:<\/span><\/span><\/b><span style=\"vertical-align: inherit;\"><span style=\"vertical-align: inherit;\"> \u00bfDe d\u00f3nde vienen las fotograf\u00edas que utilizan en <\/span><\/span><i><span style=\"vertical-align: inherit;\"><span style=\"vertical-align: inherit;\">Grito de Victoria?<\/span><\/span><\/i><b><i> <\/i><\/b><\/p>\n<p><b><span style=\"vertical-align: inherit;\"><span style=\"vertical-align: inherit;\">AM:<\/span><\/span><\/b><span style=\"vertical-align: inherit;\"><span style=\"vertical-align: inherit;\"> Todas las que vienen del 2012 para ac\u00e1 son m\u00edas y algunas que est\u00e1n en la parte del 71 son un poco \u201ctruqueadas\u201d. <\/span><span style=\"vertical-align: inherit;\">Son fotos m\u00edas actuales del lugar donde pasaba la marcha del 71. Hice investigaci\u00f3n para compararlos con fotos de peri\u00f3dicos para ver c\u00f3mo eran estos lugares est\u00e9ticamente. <\/span><span style=\"vertical-align: inherit;\">Por ejemplo, la fachada de la Escuela Normal no ha cambiado mucho y saqu\u00e9 la foto en blanco y negro para el libro. <\/span><span style=\"vertical-align: inherit;\">Volv\u00eda a ilustrar muchas fotos de referencia. <\/span><span style=\"vertical-align: inherit;\">Sobre todo, por ejemplo, hay algunas escenas donde aparecen anuncios de la \u00e9poca que tom\u00e9 de algunos peri\u00f3dicos. <\/span><span style=\"vertical-align: inherit;\">Son anuncios y carteles de obras de teatro de cine, cosas que sucedieron en esos d\u00edas.<\/span><\/span><\/p>\n<p><b><span style=\"vertical-align: inherit;\"><span style=\"vertical-align: inherit;\">RS:<\/span><\/span><\/b><span style=\"vertical-align: inherit;\"><span style=\"vertical-align: inherit;\"> \u00bfCu\u00e1l es la diferencia entre un documento escrito y algo dibujado? <\/span><span style=\"vertical-align: inherit;\">\u00bfHay un problema con la percepci\u00f3n del dibujo como algo menos ver\u00eddico?<\/span><\/span><\/p>\n<p><b><span style=\"vertical-align: inherit;\"><span style=\"vertical-align: inherit;\">AM: <\/span><\/span><\/b><span style=\"vertical-align: inherit;\"><span style=\"vertical-align: inherit;\">Claro, porque al dibujar haces una representaci\u00f3n desde tu perspectiva. <\/span><span style=\"vertical-align: inherit;\">Incluso este trabajo es muy subjetivo. <\/span><span style=\"vertical-align: inherit;\">Escuch\u00f3 conferencias con Joe Sacco donde \u00e9l dice que su trabajo no puede ser absolutamente objetivo o neutro como deber\u00eda ser el periodismo. <\/span><span style=\"vertical-align: inherit;\">Este trabajo tiene el filtro de tus emociones. <\/span><span style=\"vertical-align: inherit;\">Sin embargo, al final de cuentas es lo mismo que hace un fot\u00f3grafo. <\/span><span style=\"vertical-align: inherit;\">El fot\u00f3grafo tambi\u00e9n capta ciertos \u00e1ngulos y planos seg\u00fan lo que est\u00e1 sintiendo de lo que observa. <\/span><span style=\"vertical-align: inherit;\">A pesar de que el fot\u00f3grafo no controla lo que est\u00e1 sucediendo a su alrededor, s\u00ed busca un \u00e1ngulo para transmitir una idea. <\/span><span style=\"vertical-align: inherit;\">Por supuesto, se pueden transmitir emociones, pero lo que no se puede hacer es falsear informaci\u00f3n. <\/span><span style=\"vertical-align: inherit;\">Se pueden buscar \u00e1ngulos, perspectivas y hasta expresiones personales que funcionen para narrar la historia, pero no inventar algo que no pas\u00f3.<\/span><\/span><\/p>\n<p><b><span style=\"vertical-align: inherit;\"><span style=\"vertical-align: inherit;\">RS:<\/span><\/span><\/b><span style=\"vertical-align: inherit;\"><span style=\"vertical-align: inherit;\"> \u00bfTe identificas con el periodismo-c\u00f3mic, el <\/span><\/span><i><span style=\"vertical-align: inherit;\"><span style=\"vertical-align: inherit;\">comics journalism<\/span><\/span><\/i><span style=\"vertical-align: inherit;\"><span style=\"vertical-align: inherit;\"> popularizado por Joe Sacco?<\/span><\/span><\/p>\n<p><b><span style=\"vertical-align: inherit;\"><span style=\"vertical-align: inherit;\">AM:<\/span><\/span><\/b><span style=\"vertical-align: inherit;\"><span style=\"vertical-align: inherit;\"> Mis libros no son completamente documentales y yo no me considero un periodista. <\/span><span style=\"vertical-align: inherit;\">Joe Sacco s\u00ed es un periodista de carrera, es un periodista que sabe dibujar. <\/span><span style=\"vertical-align: inherit;\">Yo dibujo simplemente lo que esta a mi alrededor. <\/span><span style=\"vertical-align: inherit;\">Sin embargo, siempre intente demostrarle claramente al p\u00fablico si la historia es ficticia o real. <\/span><span style=\"vertical-align: inherit;\">En <\/span><\/span><i><span style=\"vertical-align: inherit;\"><span style=\"vertical-align: inherit;\">Grito de Victoria<\/span><\/span><\/i><span style=\"vertical-align: inherit;\"><span style=\"vertical-align: inherit;\"> hay una clara diferencia entre las dos partes del libro, la parte ficticia y la parte documental. <\/span><span style=\"vertical-align: inherit;\">Incluso los personajes ficticios en la primera parte, Victoria y Valent\u00edn son sujetos que podr\u00edan existir o no, pero su participaci\u00f3n en la marcha no puede cambiar los sucesos. <\/span><span style=\"vertical-align: inherit;\">El personaje es como nuestra c\u00e1mara, que nos est\u00e1 contando, pero no est\u00e1 modificando nada, no puede intervenir.<\/span><\/span><\/p>\n<p><b><span style=\"vertical-align: inherit;\"><span style=\"vertical-align: inherit;\">RS:<\/span><\/span><\/b><span style=\"vertical-align: inherit;\"><span style=\"vertical-align: inherit;\"> Vivimos un momento en el que estamos rodeados por archivos digitales, \u00bfcu\u00e1l es la necesidad de dibujar una historia?<\/span><\/span><\/p>\n<p><b><span style=\"vertical-align: inherit;\"><span style=\"vertical-align: inherit;\">AM: <\/span><\/span><\/b><span style=\"vertical-align: inherit;\"><span style=\"vertical-align: inherit;\">Un primer aspecto es que el archivo digital es infinito, mientras que un libro ofrece una informaci\u00f3n condensada, informaci\u00f3n que tiene unidad. <\/span><span style=\"vertical-align: inherit;\">La segunda motivaci\u00f3n para hacer un proyecto como este es el hecho de que el c\u00f3mic es un lenguaje diferente. <\/span><span style=\"vertical-align: inherit;\">El lenguaje del c\u00f3mic simplemente llega a otros p\u00fablicos, a otro tipo de personalidades. <\/span><span style=\"vertical-align: inherit;\">Muchos maestros y profesores se han puesto en contacto para ense\u00f1ar este libro, dado que provocan m\u00e1s atenci\u00f3n por parte de sus alumnos. <\/span><span style=\"vertical-align: inherit;\">Es una herramienta pedag\u00f3gica excelente. <\/span><span style=\"vertical-align: inherit;\">El tercer punto es que la narrativa gr\u00e1fica tiene elementos que a lo mejor no tiene la fotograf\u00eda o la pel\u00edcula documental. <\/span><span style=\"vertical-align: inherit;\">Con la historieta se pueden \u201ccaptar\u201d los momentos que se le escaparon a la c\u00e1mara. <\/span><span style=\"vertical-align: inherit;\">T\u00fa controlas la gr\u00e1fica y puedes transmitir las emociones e ideas. <\/span><span style=\"vertical-align: inherit;\">Los claroscuros, el tama\u00f1o de las vi\u00f1etas, las l\u00edneas cin\u00e9ticas, <\/span><span style=\"vertical-align: inherit;\">las expresiones de los personajes, los planos \u2013todo esto ayuda para generar cierto impacto sobre el lector. <\/span><span style=\"vertical-align: inherit;\">El c\u00f3mic no tiene no obstante una ventaja sobre los otros medios, pero s\u00ed tiene sus propias caracter\u00edsticas \u00fanicas. <\/span><span style=\"vertical-align: inherit;\">La experiencia del lector es distinta. <\/span><span style=\"vertical-align: inherit;\">Al principio hablamos de una condensaci\u00f3n, me gusta que los libros sean como obras introductorias, que provoquen una lectura activa, participativa. <\/span><span style=\"vertical-align: inherit;\">Yo me inspiro mucho en la obra de <\/span><span style=\"vertical-align: inherit;\">participativo <\/span><span style=\"vertical-align: inherit;\">Yo me inspiro mucho en la obra de <\/span><span style=\"vertical-align: inherit;\">participativo <\/span><span style=\"vertical-align: inherit;\">Yo me inspiro mucho en la obra de<\/span><\/span><i><span style=\"vertical-align: inherit;\"><span style=\"vertical-align: inherit;\">Rius<\/span><\/span><\/i><span style=\"vertical-align: inherit;\"><span style=\"vertical-align: inherit;\"> , yo crec\u00ed leyendo sus libros y comics. <\/span><span style=\"vertical-align: inherit;\">Sus libros me llevaron a otros libros.<\/span><\/span><\/p>\n<p><b><span style=\"vertical-align: inherit;\"><span style=\"vertical-align: inherit;\">RS:<\/span><\/span><\/b><span style=\"vertical-align: inherit;\"><span style=\"vertical-align: inherit;\"> Experimentas mucho con el espacio y el tama\u00f1o de las vi\u00f1etas. <\/span><span style=\"vertical-align: inherit;\">Cu\u00e9ntame sobre el proceso t\u00e9cnico de tus novelas gr\u00e1ficas.<\/span><\/span><\/p>\n<p><b><span style=\"vertical-align: inherit;\"><span style=\"vertical-align: inherit;\">AM:<\/span><\/span><\/b><span style=\"vertical-align: inherit;\"><span style=\"vertical-align: inherit;\"> Por un lado, trato de que las vi\u00f1etas tengan un ritmo. <\/span><span style=\"vertical-align: inherit;\">Normalmente parte de escenas que obligan al contexto, que nos llevan hacia el espacio. <\/span><span style=\"vertical-align: inherit;\">A partir de lo macro me voy hacia los detalles. <\/span><span style=\"vertical-align: inherit;\">El tama\u00f1o y la cantidad de vi\u00f1etas causan otras experiencias de lectura. <\/span><span style=\"vertical-align: inherit;\">En las escenas repentinas de la violencia durante las marchas aparecen vi\u00f1etas muy r\u00e1pidas, el ritmo se acelera. <\/span><span style=\"vertical-align: inherit;\">Aqu\u00ed el tiempo se establece por el ritmo y el tama\u00f1o de las vi\u00f1etas. <\/span><span style=\"vertical-align: inherit;\">Adem\u00e1s, importan mucho los detalles. <\/span><span style=\"vertical-align: inherit;\">Al poner m\u00e1s personajes y m\u00e1s detalles de textura, el lector naturalmente se detiene para observarlos y esto hace que el tiempo pase m\u00e1s lentamente. <\/span><span style=\"vertical-align: inherit;\">Es un proceso algo premeditado, pero despu\u00e9s la historia agarra su propio ritmo. <\/span><span style=\"vertical-align: inherit;\">Yo siempre hago un <\/span><\/span><i><span style=\"vertical-align: inherit;\"><span style=\"vertical-align: inherit;\">storyboard<\/span><\/span><\/i><span style=\"vertical-align: inherit;\"><span style=\"vertical-align: inherit;\">primero, como cuadros de cine y despu\u00e9s viene el dise\u00f1o de la p\u00e1gina. <\/span><span style=\"vertical-align: inherit;\">Por supuesto, el primer paso siempre es el dise\u00f1o de los personajes. <\/span><span style=\"vertical-align: inherit;\">Al escribir sus caracter\u00edsticas, tambi\u00e9n hago los dibujos iniciales, unos bocetos. <\/span><span style=\"vertical-align: inherit;\">Particularmente para los personajes principales, trato de hacer un estudio detallado. <\/span><span style=\"vertical-align: inherit;\">Con estos detalles hago el <\/span><\/span><i><span style=\"vertical-align: inherit;\"><span style=\"vertical-align: inherit;\">storyboard<\/span><\/span><\/i><span style=\"vertical-align: inherit;\"><span style=\"vertical-align: inherit;\"> .<\/span><\/span><\/p>\n<p><b><span style=\"vertical-align: inherit;\"><span style=\"vertical-align: inherit;\">RS:<\/span><\/span><\/b><span style=\"vertical-align: inherit;\"><span style=\"vertical-align: inherit;\"> \u00bfCu\u00e1les son tus proyectos actuales?<\/span><\/span><\/p>\n<p><b><span style=\"vertical-align: inherit;\"><span style=\"vertical-align: inherit;\">AM:<\/span><\/span><\/b><span style=\"vertical-align: inherit;\"><span style=\"vertical-align: inherit;\"> Voy a trabajar con la Comisi\u00f3n Nacional de Derechos Humanos para hacer un c\u00f3mic sobre la lucha por el agua del pueblo Yaqui. <\/span><span style=\"vertical-align: inherit;\">Tambi\u00e9n estoy trabajando en una historia sobre una b\u00fasqueda de un padre que busca a su hija que emigr\u00f3 a los Estados Unidos. <\/span><span style=\"vertical-align: inherit;\">Es ficci\u00f3n pero que tiene que ver con la realidad de la emigraci\u00f3n. <\/span><span style=\"vertical-align: inherit;\">Particularmente los peligros que se encuentran los emigrantes cuando atraviesan M\u00e9xico. <\/span><span style=\"vertical-align: inherit;\">El pa\u00eds se convirti\u00f3 en una trampa donde los emigrantes se transformaron en un negocio para el crimen organizado, se transformaron en carne de ca\u00f1\u00f3n muchas veces. <\/span><span style=\"vertical-align: inherit;\">El libro trata de hacer visible este problema del cual ya se habla mucho. <\/span><span style=\"vertical-align: inherit;\">Mi idea es hacer lo mismo que hice con <\/span><\/span><i><span style=\"vertical-align: inherit;\"><span style=\"vertical-align: inherit;\">Grito de Victoria<\/span><\/span><\/i><span style=\"vertical-align: inherit;\"><span style=\"vertical-align: inherit;\"> y hacer un peque\u00f1o documental gr\u00e1fico al final del libro.<\/span><\/span><\/p>\n<h6><span style=\"vertical-align: inherit;\">Panel de la novela gr\u00e1fica\u00a0 <\/span><em><span style=\"vertical-align: inherit;\">Grito de Victoria<\/span><\/em><span style=\"vertical-align: inherit;\"> de Augusto Mora.<\/span><\/h6>\n","protected":false},"excerpt":{"rendered":"<p>Augusto Mora is a Mexican comics artist and graphic designer. Author of web-comics, graphic short stories and novels, he has lately popularized the documentary style to relate the recent history of the student movements in Mexico from Tlatelolco to #Yosoy123 (#Iam123). In this conversation, he tells us about his beginnings and of the process of creating his graphic novel <i>Grito de Victoria (Cry of Victory).<\/i><\/p>\n","protected":false},"author":3,"featured_media":3108,"comment_status":"open","ping_status":"open","sticky":false,"template":"","format":"standard","meta":{"_acf_changed":false,"footnotes":""},"categories":[1],"tags":[29,2956,4453],"genre":[2011],"pretext":[],"section":[2346],"translator":[],"lal_author":[3531],"class_list":["post-3111","post","type-post","status-publish","format-standard","has-post-thumbnail","hentry","category-uncategorized","tag-graphic-lit","tag-mexico-es","tag-numero-11","genre-interview-es","section-interviews-es","lal_author-radmila-stefkova-es"],"acf":[],"_links":{"self":[{"href":"https:\/\/latinamericanliteraturetoday.org\/es\/wp-json\/wp\/v2\/posts\/3111","targetHints":{"allow":["GET"]}}],"collection":[{"href":"https:\/\/latinamericanliteraturetoday.org\/es\/wp-json\/wp\/v2\/posts"}],"about":[{"href":"https:\/\/latinamericanliteraturetoday.org\/es\/wp-json\/wp\/v2\/types\/post"}],"author":[{"embeddable":true,"href":"https:\/\/latinamericanliteraturetoday.org\/es\/wp-json\/wp\/v2\/users\/3"}],"replies":[{"embeddable":true,"href":"https:\/\/latinamericanliteraturetoday.org\/es\/wp-json\/wp\/v2\/comments?post=3111"}],"version-history":[{"count":1,"href":"https:\/\/latinamericanliteraturetoday.org\/es\/wp-json\/wp\/v2\/posts\/3111\/revisions"}],"predecessor-version":[{"id":32875,"href":"https:\/\/latinamericanliteraturetoday.org\/es\/wp-json\/wp\/v2\/posts\/3111\/revisions\/32875"}],"wp:featuredmedia":[{"embeddable":true,"href":"https:\/\/latinamericanliteraturetoday.org\/es\/wp-json\/wp\/v2\/media\/3108"}],"wp:attachment":[{"href":"https:\/\/latinamericanliteraturetoday.org\/es\/wp-json\/wp\/v2\/media?parent=3111"}],"wp:term":[{"taxonomy":"category","embeddable":true,"href":"https:\/\/latinamericanliteraturetoday.org\/es\/wp-json\/wp\/v2\/categories?post=3111"},{"taxonomy":"post_tag","embeddable":true,"href":"https:\/\/latinamericanliteraturetoday.org\/es\/wp-json\/wp\/v2\/tags?post=3111"},{"taxonomy":"genre","embeddable":true,"href":"https:\/\/latinamericanliteraturetoday.org\/es\/wp-json\/wp\/v2\/genre?post=3111"},{"taxonomy":"pretext","embeddable":true,"href":"https:\/\/latinamericanliteraturetoday.org\/es\/wp-json\/wp\/v2\/pretext?post=3111"},{"taxonomy":"section","embeddable":true,"href":"https:\/\/latinamericanliteraturetoday.org\/es\/wp-json\/wp\/v2\/section?post=3111"},{"taxonomy":"translator","embeddable":true,"href":"https:\/\/latinamericanliteraturetoday.org\/es\/wp-json\/wp\/v2\/translator?post=3111"},{"taxonomy":"lal_author","embeddable":true,"href":"https:\/\/latinamericanliteraturetoday.org\/es\/wp-json\/wp\/v2\/lal_author?post=3111"}],"curies":[{"name":"wp","href":"https:\/\/api.w.org\/{rel}","templated":true}]}}