{"id":21850,"date":"2023-03-16T14:01:30","date_gmt":"2023-03-16T20:01:30","guid":{"rendered":"https:\/\/latinamericanliteraturetoday.org\/?p=21850"},"modified":"2023-04-18T19:10:36","modified_gmt":"2023-04-19T01:10:36","slug":"nota-bene-marzo-2023-por-lalt-team","status":"publish","type":"post","link":"https:\/\/latinamericanliteraturetoday.org\/es\/2023\/03\/nota-bene-marzo-2023-por-lalt-team\/","title":{"rendered":"Nota Bene: Marzo 2023 por LALT Team"},"content":{"rendered":"\t\t<div data-elementor-type=\"wp-post\" data-elementor-id=\"21850\" class=\"elementor elementor-21850 elementor-21828\" data-elementor-post-type=\"post\">\n\t\t\t\t\t\t<section class=\"has_ae_slider elementor-section elementor-top-section elementor-element elementor-element-f0af1a1 elementor-section-boxed elementor-section-height-default elementor-section-height-default ae-bg-gallery-type-default\" data-id=\"f0af1a1\" data-element_type=\"section\" data-e-type=\"section\">\n\t\t\t\t\t\t<div class=\"elementor-container elementor-column-gap-default\">\n\t\t\t\t\t<div class=\"has_ae_slider elementor-column elementor-col-100 elementor-top-column elementor-element elementor-element-1d96b07 ae-bg-gallery-type-default\" data-id=\"1d96b07\" data-element_type=\"column\" data-e-type=\"column\">\n\t\t\t<div class=\"elementor-widget-wrap elementor-element-populated\">\n\t\t\t\t\t\t<section class=\"has_ae_slider elementor-section elementor-inner-section elementor-element elementor-element-24ea5d9 elementor-section-boxed elementor-section-height-default elementor-section-height-default ae-bg-gallery-type-default\" data-id=\"24ea5d9\" data-element_type=\"section\" data-e-type=\"section\">\n\t\t\t\t\t\t<div class=\"elementor-container elementor-column-gap-default\">\n\t\t\t\t\t<div class=\"has_ae_slider elementor-column elementor-col-50 elementor-inner-column elementor-element elementor-element-6435acb ae-bg-gallery-type-default\" data-id=\"6435acb\" data-element_type=\"column\" data-e-type=\"column\">\n\t\t\t<div class=\"elementor-widget-wrap elementor-element-populated\">\n\t\t\t\t\t\t<div class=\"elementor-element elementor-element-9b706fb elementor-widget elementor-widget-image\" data-id=\"9b706fb\" data-element_type=\"widget\" data-e-type=\"widget\" data-widget_type=\"image.default\">\n\t\t\t\t<div class=\"elementor-widget-container\">\n\t\t\t\t\t\t\t\t\t\t\t\t\t\t\t<img fetchpriority=\"high\" decoding=\"async\" width=\"601\" height=\"1024\" src=\"https:\/\/latinamericanliteraturetoday.org\/wp-content\/uploads\/2023\/03\/Aura-Garcia-Junco_-Mar-de-piedra-601x1024.jpg\" class=\"attachment-large size-large wp-image-21782\" alt=\"\" srcset=\"https:\/\/latinamericanliteraturetoday.org\/wp-content\/uploads\/2023\/03\/Aura-Garcia-Junco_-Mar-de-piedra-601x1024.jpg 601w, https:\/\/latinamericanliteraturetoday.org\/wp-content\/uploads\/2023\/03\/Aura-Garcia-Junco_-Mar-de-piedra-176x300.jpg 176w, https:\/\/latinamericanliteraturetoday.org\/wp-content\/uploads\/2023\/03\/Aura-Garcia-Junco_-Mar-de-piedra-768x1310.jpg 768w, https:\/\/latinamericanliteraturetoday.org\/wp-content\/uploads\/2023\/03\/Aura-Garcia-Junco_-Mar-de-piedra-901x1536.jpg 901w, https:\/\/latinamericanliteraturetoday.org\/wp-content\/uploads\/2023\/03\/Aura-Garcia-Junco_-Mar-de-piedra.jpg 1126w\" sizes=\"(max-width: 601px) 100vw, 601px\" title=\"\">\t\t\t\t\t\t\t\t\t\t\t\t\t\t\t<\/div>\n\t\t\t\t<\/div>\n\t\t\t\t\t<\/div>\n\t\t<\/div>\n\t\t\t\t<div class=\"has_ae_slider elementor-column elementor-col-50 elementor-inner-column elementor-element elementor-element-ff3af00 ae-bg-gallery-type-default\" data-id=\"ff3af00\" data-element_type=\"column\" data-e-type=\"column\">\n\t\t\t<div class=\"elementor-widget-wrap elementor-element-populated\">\n\t\t\t\t\t\t<div class=\"elementor-element elementor-element-25376a8 elementor-widget elementor-widget-heading\" data-id=\"25376a8\" data-element_type=\"widget\" data-e-type=\"widget\" data-widget_type=\"heading.default\">\n\t\t\t\t<div class=\"elementor-widget-container\">\n\t\t\t\t\t<h3 class=\"elementor-heading-title elementor-size-default\">Aura Garc\u00eda-Junco: <i>Mar de piedra<\/i><\/h3>\t\t\t\t<\/div>\n\t\t\t\t<\/div>\n\t\t\t\t<div class=\"elementor-element elementor-element-d1e3321 elementor-widget elementor-widget-text-editor\" data-id=\"d1e3321\" data-element_type=\"widget\" data-e-type=\"widget\" data-widget_type=\"text-editor.default\">\n\t\t\t\t<div class=\"elementor-widget-container\">\n\t\t\t\t\t\t\t\t\t<span style=\"font-weight: 400;\">Ante una de las avenidas m\u00e1s transitadas, Madero est\u00e1 ocupada por las estatuas de los cientos de mujeres, hombres y hasta de ni\u00f1os desaparecidos d\u00eda tras d\u00eda. Este ins\u00f3lito fen\u00f3meno coincide con la propagaci\u00f3n de los mattangs <\/span><span style=\"font-weight: 400;\">\u2014<\/span><span style=\"font-weight: 400;\">mapas que, seg\u00fan los creyentes, revelan el destino a quien sepa leerlos<\/span><span style=\"font-weight: 400;\">\u2014<\/span><span style=\"font-weight: 400;\"> y cuyo culto se ha apoderado de los capitalinos. Cuando la esc\u00e9ptica maestra Sof\u00eda encuentre en uno de estos el rastro que dej\u00f3 un fantasma del pasado, ahora un ser de piedra, las corrientes del cosmos la conducir\u00e1n al posible origen de su desaparici\u00f3n. En esta ciudad dist\u00f3pica y gris, una profesora universitaria, un alcoh\u00f3lico en recuperaci\u00f3n y una joven furiosa que\u00a0reniega del destino navegan por una sociedad que se ha\u00a0acostumbrado a ver c\u00f3mo sus semejantes se evanecen,\u00a0pero en la que tambi\u00e9n existen aquellos que se resisten a\u00a0olvidar.<\/span>\t\t\t\t\t\t\t\t<\/div>\n\t\t\t\t<\/div>\n\t\t\t\t\t<\/div>\n\t\t<\/div>\n\t\t\t\t\t<\/div>\n\t\t<\/section>\n\t\t\t\t<section class=\"has_ae_slider elementor-section elementor-inner-section elementor-element elementor-element-832df4e elementor-section-boxed elementor-section-height-default elementor-section-height-default ae-bg-gallery-type-default\" data-id=\"832df4e\" data-element_type=\"section\" data-e-type=\"section\">\n\t\t\t\t\t\t<div class=\"elementor-container elementor-column-gap-default\">\n\t\t\t\t\t<div class=\"has_ae_slider elementor-column elementor-col-50 elementor-inner-column elementor-element elementor-element-eec16d7 ae-bg-gallery-type-default\" data-id=\"eec16d7\" data-element_type=\"column\" data-e-type=\"column\">\n\t\t\t<div class=\"elementor-widget-wrap elementor-element-populated\">\n\t\t\t\t\t\t<div class=\"elementor-element elementor-element-279bc09 elementor-widget elementor-widget-image\" data-id=\"279bc09\" data-element_type=\"widget\" data-e-type=\"widget\" data-widget_type=\"image.default\">\n\t\t\t\t<div class=\"elementor-widget-container\">\n\t\t\t\t\t\t\t\t\t\t\t\t\t\t\t<img decoding=\"async\" width=\"400\" height=\"655\" src=\"https:\/\/latinamericanliteraturetoday.org\/wp-content\/uploads\/2023\/03\/Jose-Balza_-Percusion.jpg\" class=\"attachment-large size-large wp-image-21796\" alt=\"\" srcset=\"https:\/\/latinamericanliteraturetoday.org\/wp-content\/uploads\/2023\/03\/Jose-Balza_-Percusion.jpg 400w, https:\/\/latinamericanliteraturetoday.org\/wp-content\/uploads\/2023\/03\/Jose-Balza_-Percusion-183x300.jpg 183w\" sizes=\"(max-width: 400px) 100vw, 400px\" title=\"\">\t\t\t\t\t\t\t\t\t\t\t\t\t\t\t<\/div>\n\t\t\t\t<\/div>\n\t\t\t\t\t<\/div>\n\t\t<\/div>\n\t\t\t\t<div class=\"has_ae_slider elementor-column elementor-col-50 elementor-inner-column elementor-element elementor-element-eee80e4 ae-bg-gallery-type-default\" data-id=\"eee80e4\" data-element_type=\"column\" data-e-type=\"column\">\n\t\t\t<div class=\"elementor-widget-wrap elementor-element-populated\">\n\t\t\t\t\t\t<div class=\"elementor-element elementor-element-5901d52 elementor-widget elementor-widget-heading\" data-id=\"5901d52\" data-element_type=\"widget\" data-e-type=\"widget\" data-widget_type=\"heading.default\">\n\t\t\t\t<div class=\"elementor-widget-container\">\n\t\t\t\t\t<h3 class=\"elementor-heading-title elementor-size-default\">Jos\u00e9 Balza: <i>Percusi\u00f3n<\/i><\/h3>\t\t\t\t<\/div>\n\t\t\t\t<\/div>\n\t\t\t\t<div class=\"elementor-element elementor-element-3c44611 elementor-widget elementor-widget-text-editor\" data-id=\"3c44611\" data-element_type=\"widget\" data-e-type=\"widget\" data-widget_type=\"text-editor.default\">\n\t\t\t\t<div class=\"elementor-widget-container\">\n\t\t\t\t\t\t\t\t\t<span style=\"font-weight: 400;\">Toda la narrativa de Jos\u00e9 Balza (1939) constituye un ejercicio de indetenible libertad creativa, en el que un acto de escritura lleva a otro. Caracterizada por el rigor y la inteligencia compositiva, <\/span><i><span style=\"font-weight: 400;\">Percusi\u00f3n<\/span><\/i><span style=\"font-weight: 400;\">, publicada por primera vez en 1982 y reeditada por C\u00e1tedra en 2022, se convirti\u00f3 en un cl\u00e1sico de la literatura venezolana pr\u00e1cticamente desde el instante en el que vio la luz, y no solo porque representa uno de los momentos de mayor brillantez en la obra de su autor, sino porque su originalidad y su factura (en ella, el narrador nos lleva, desdobl\u00e1ndose, por un r\u00edo ling\u00fc\u00edstico que corre paralelo a su largu\u00edsimo viaje de ciudad en ciudad) hacen de esta novela un verdadero hallazgo literario.<\/span>\t\t\t\t\t\t\t\t<\/div>\n\t\t\t\t<\/div>\n\t\t\t\t\t<\/div>\n\t\t<\/div>\n\t\t\t\t\t<\/div>\n\t\t<\/section>\n\t\t\t\t<section class=\"has_ae_slider elementor-section elementor-inner-section elementor-element elementor-element-0506b2c elementor-section-boxed elementor-section-height-default elementor-section-height-default ae-bg-gallery-type-default\" data-id=\"0506b2c\" data-element_type=\"section\" data-e-type=\"section\">\n\t\t\t\t\t\t<div class=\"elementor-container elementor-column-gap-default\">\n\t\t\t\t\t<div class=\"has_ae_slider elementor-column elementor-col-50 elementor-inner-column elementor-element elementor-element-b198111 ae-bg-gallery-type-default\" data-id=\"b198111\" data-element_type=\"column\" data-e-type=\"column\">\n\t\t\t<div class=\"elementor-widget-wrap elementor-element-populated\">\n\t\t\t\t\t\t<div class=\"elementor-element elementor-element-27e2bd2 elementor-widget elementor-widget-image\" data-id=\"27e2bd2\" data-element_type=\"widget\" data-e-type=\"widget\" data-widget_type=\"image.default\">\n\t\t\t\t<div class=\"elementor-widget-container\">\n\t\t\t\t\t\t\t\t\t\t\t\t\t\t\t<img decoding=\"async\" width=\"360\" height=\"540\" src=\"https:\/\/latinamericanliteraturetoday.org\/wp-content\/uploads\/2023\/03\/Alvaro-Enrigue_-Tu-sueno-imperios-han-sido.jpg\" class=\"attachment-large size-large wp-image-21776\" alt=\"\" srcset=\"https:\/\/latinamericanliteraturetoday.org\/wp-content\/uploads\/2023\/03\/Alvaro-Enrigue_-Tu-sueno-imperios-han-sido.jpg 360w, https:\/\/latinamericanliteraturetoday.org\/wp-content\/uploads\/2023\/03\/Alvaro-Enrigue_-Tu-sueno-imperios-han-sido-200x300.jpg 200w\" sizes=\"(max-width: 360px) 100vw, 360px\" title=\"\">\t\t\t\t\t\t\t\t\t\t\t\t\t\t\t<\/div>\n\t\t\t\t<\/div>\n\t\t\t\t\t<\/div>\n\t\t<\/div>\n\t\t\t\t<div class=\"has_ae_slider elementor-column elementor-col-50 elementor-inner-column elementor-element elementor-element-c47aeaa ae-bg-gallery-type-default\" data-id=\"c47aeaa\" data-element_type=\"column\" data-e-type=\"column\">\n\t\t\t<div class=\"elementor-widget-wrap elementor-element-populated\">\n\t\t\t\t\t\t<div class=\"elementor-element elementor-element-110bade elementor-widget elementor-widget-heading\" data-id=\"110bade\" data-element_type=\"widget\" data-e-type=\"widget\" data-widget_type=\"heading.default\">\n\t\t\t\t<div class=\"elementor-widget-container\">\n\t\t\t\t\t<h3 class=\"elementor-heading-title elementor-size-default\">\u00c1lvaro Enrigue: <i>Tu sue\u00f1o imperios han sido<\/i><\/h3>\t\t\t\t<\/div>\n\t\t\t\t<\/div>\n\t\t\t\t<div class=\"elementor-element elementor-element-5533e10 elementor-widget elementor-widget-text-editor\" data-id=\"5533e10\" data-element_type=\"widget\" data-e-type=\"widget\" data-widget_type=\"text-editor.default\">\n\t\t\t\t<div class=\"elementor-widget-container\">\n\t\t\t\t\t\t\t\t\t<span style=\"font-weight: 400;\">Hern\u00e1n Cort\u00e9s entra en Mehxicoh-Tenoxtitlan con sus nueve capitanes, sus dos traductores, su tropa y sus caballos. All\u00ed los agasaja con una comida la princesa Atotoxtli, hermana y esposa de Moctezuma, acompa\u00f1ada por los sacerdotes, y m\u00e1s adelante el propio emperador Moctezuma recibir\u00e1 al caudillo Cort\u00e9s. Los espa\u00f1oles son bien recibidos, pero uno de los subalternos de Cort\u00e9s, Jazm\u00edn Caldera, no se atreve a decirle que lo preocupante nunca hab\u00eda sido c\u00f3mo llegar a Tenoxtitlan, sino c\u00f3mo salir una vez que estuvieran adentro. \u00bfC\u00f3mo abordar la historia desde la ficci\u00f3n? \u00c1lvaro Enrigue ha escrito una poderosa narraci\u00f3n: una versi\u00f3n posible del encuentro que cambi\u00f3 la historia del mundo, una novela envuelta en misterios, violencia, ansias de poder y sue\u00f1os que han sido imperios.<\/span>\t\t\t\t\t\t\t\t<\/div>\n\t\t\t\t<\/div>\n\t\t\t\t\t<\/div>\n\t\t<\/div>\n\t\t\t\t\t<\/div>\n\t\t<\/section>\n\t\t\t\t<section class=\"has_ae_slider elementor-section elementor-inner-section elementor-element elementor-element-0aaeee9 elementor-section-boxed elementor-section-height-default elementor-section-height-default ae-bg-gallery-type-default\" data-id=\"0aaeee9\" data-element_type=\"section\" data-e-type=\"section\">\n\t\t\t\t\t\t<div class=\"elementor-container elementor-column-gap-default\">\n\t\t\t\t\t<div class=\"has_ae_slider elementor-column elementor-col-50 elementor-inner-column elementor-element elementor-element-eaa6656 ae-bg-gallery-type-default\" data-id=\"eaa6656\" data-element_type=\"column\" data-e-type=\"column\">\n\t\t\t<div class=\"elementor-widget-wrap elementor-element-populated\">\n\t\t\t\t\t\t<div class=\"elementor-element elementor-element-c69e404 elementor-widget elementor-widget-image\" data-id=\"c69e404\" data-element_type=\"widget\" data-e-type=\"widget\" data-widget_type=\"image.default\">\n\t\t\t\t<div class=\"elementor-widget-container\">\n\t\t\t\t\t\t\t\t\t\t\t\t\t\t\t<img loading=\"lazy\" decoding=\"async\" width=\"400\" height=\"576\" src=\"https:\/\/latinamericanliteraturetoday.org\/wp-content\/uploads\/2023\/03\/Barbara-Ali_-Memoria-fantasma.jpg\" class=\"attachment-large size-large wp-image-21784\" alt=\"\" srcset=\"https:\/\/latinamericanliteraturetoday.org\/wp-content\/uploads\/2023\/03\/Barbara-Ali_-Memoria-fantasma.jpg 400w, https:\/\/latinamericanliteraturetoday.org\/wp-content\/uploads\/2023\/03\/Barbara-Ali_-Memoria-fantasma-208x300.jpg 208w\" sizes=\"(max-width: 400px) 100vw, 400px\" title=\"\">\t\t\t\t\t\t\t\t\t\t\t\t\t\t\t<\/div>\n\t\t\t\t<\/div>\n\t\t\t\t\t<\/div>\n\t\t<\/div>\n\t\t\t\t<div class=\"has_ae_slider elementor-column elementor-col-50 elementor-inner-column elementor-element elementor-element-ae86870 ae-bg-gallery-type-default\" data-id=\"ae86870\" data-element_type=\"column\" data-e-type=\"column\">\n\t\t\t<div class=\"elementor-widget-wrap elementor-element-populated\">\n\t\t\t\t\t\t<div class=\"elementor-element elementor-element-9b1737e elementor-widget elementor-widget-heading\" data-id=\"9b1737e\" data-element_type=\"widget\" data-e-type=\"widget\" data-widget_type=\"heading.default\">\n\t\t\t\t<div class=\"elementor-widget-container\">\n\t\t\t\t\t<h3 class=\"elementor-heading-title elementor-size-default\">B\u00e1rbara Al\u00ed: <i>Memoria fantasma<\/i><\/h3>\t\t\t\t<\/div>\n\t\t\t\t<\/div>\n\t\t\t\t<div class=\"elementor-element elementor-element-a00bbf2 elementor-widget elementor-widget-text-editor\" data-id=\"a00bbf2\" data-element_type=\"widget\" data-e-type=\"widget\" data-widget_type=\"text-editor.default\">\n\t\t\t\t<div class=\"elementor-widget-container\">\n\t\t\t\t\t\t\t\t\t<i><span style=\"font-weight: 400;\">Memoria fantasma<\/span><\/i><span style=\"font-weight: 400;\"> se sumerge en la re-construcci\u00f3n de la memoria de su padre desaparecido. A partir de juegos vinculados a la invenci\u00f3n, el diccionario, di\u00e1logo con otros personajes y narraciones de sue\u00f1os, la poeta busca un relato que se abra paso frente al silencio de la Historia y arme un tejido que sea a su vez hogar y abrigo. Se trata de un poemario muy libre, sorprendente, desacomplejado, algo alocado pero a la vez sostenido, con valor pero sin estridencias, compuesto de peque\u00f1os fragmentos que llevan con cierta violencia de un lugar a otro, a veces con brusquedad, a veces delicadamente. Tiene grandes momentos, zonas de transici\u00f3n. <\/span>\t\t\t\t\t\t\t\t<\/div>\n\t\t\t\t<\/div>\n\t\t\t\t\t<\/div>\n\t\t<\/div>\n\t\t\t\t\t<\/div>\n\t\t<\/section>\n\t\t\t\t<section class=\"has_ae_slider elementor-section elementor-inner-section elementor-element elementor-element-c789e9f elementor-section-boxed elementor-section-height-default elementor-section-height-default ae-bg-gallery-type-default\" data-id=\"c789e9f\" data-element_type=\"section\" data-e-type=\"section\">\n\t\t\t\t\t\t<div class=\"elementor-container elementor-column-gap-default\">\n\t\t\t\t\t<div class=\"has_ae_slider elementor-column elementor-col-50 elementor-inner-column elementor-element elementor-element-eab7791 ae-bg-gallery-type-default\" data-id=\"eab7791\" data-element_type=\"column\" data-e-type=\"column\">\n\t\t\t<div class=\"elementor-widget-wrap elementor-element-populated\">\n\t\t\t\t\t\t<div class=\"elementor-element elementor-element-1f7e186 elementor-widget elementor-widget-image\" data-id=\"1f7e186\" data-element_type=\"widget\" data-e-type=\"widget\" data-widget_type=\"image.default\">\n\t\t\t\t<div class=\"elementor-widget-container\">\n\t\t\t\t\t\t\t\t\t\t\t\t\t\t\t<img loading=\"lazy\" decoding=\"async\" width=\"400\" height=\"634\" src=\"https:\/\/latinamericanliteraturetoday.org\/wp-content\/uploads\/2023\/03\/Mario-Vargas-Llosa_-El-fuego-de-la-imaginacion_-Obra-periodistica-I.jpg\" class=\"attachment-large size-large wp-image-21804\" alt=\"\" srcset=\"https:\/\/latinamericanliteraturetoday.org\/wp-content\/uploads\/2023\/03\/Mario-Vargas-Llosa_-El-fuego-de-la-imaginacion_-Obra-periodistica-I.jpg 400w, https:\/\/latinamericanliteraturetoday.org\/wp-content\/uploads\/2023\/03\/Mario-Vargas-Llosa_-El-fuego-de-la-imaginacion_-Obra-periodistica-I-189x300.jpg 189w\" sizes=\"(max-width: 400px) 100vw, 400px\" title=\"\">\t\t\t\t\t\t\t\t\t\t\t\t\t\t\t<\/div>\n\t\t\t\t<\/div>\n\t\t\t\t\t<\/div>\n\t\t<\/div>\n\t\t\t\t<div class=\"has_ae_slider elementor-column elementor-col-50 elementor-inner-column elementor-element elementor-element-0731bde ae-bg-gallery-type-default\" data-id=\"0731bde\" data-element_type=\"column\" data-e-type=\"column\">\n\t\t\t<div class=\"elementor-widget-wrap elementor-element-populated\">\n\t\t\t\t\t\t<div class=\"elementor-element elementor-element-d58ecf9 elementor-widget elementor-widget-heading\" data-id=\"d58ecf9\" data-element_type=\"widget\" data-e-type=\"widget\" data-widget_type=\"heading.default\">\n\t\t\t\t<div class=\"elementor-widget-container\">\n\t\t\t\t\t<h3 class=\"elementor-heading-title elementor-size-default\">Mario Vargas Llosa: <i>El fuego de la imaginaci\u00f3n: Obra period\u00edstica I<\/i><\/h3>\t\t\t\t<\/div>\n\t\t\t\t<\/div>\n\t\t\t\t<div class=\"elementor-element elementor-element-10afc78 elementor-widget elementor-widget-text-editor\" data-id=\"10afc78\" data-element_type=\"widget\" data-e-type=\"widget\" data-widget_type=\"text-editor.default\">\n\t\t\t\t<div class=\"elementor-widget-container\">\n\t\t\t\t\t\t\t\t\t<span style=\"font-weight: 400;\">Durante m\u00e1s de sesenta a\u00f1os, Mario Vargas Llosa ha desarrollado una intensa labor como articulista. Para \u00e9l, los textos publicados en medios escritos de todo el mundo son una especie de autobiograf\u00eda intelectual, literaria y pol\u00edtica que ha ido levantando al ritmo de la actualidad de cada momento. Con este primer volumen, que est\u00e1 dedicado a la cultura, Alfaguara da comienzo a la publicaci\u00f3n de la totalidad de la obra period\u00edstica de este maestro de la literatura mundial. Estas cr\u00f3nicas, estos art\u00edculos, son un testimonio de una vida dedicada a la lectura, a la contemplaci\u00f3n del arte y a la profunda reflexi\u00f3n sobre el acontecer de la historia y el desarrollo del progreso de la humanidad, y de la cultura como fermento de libertad y de civilizaci\u00f3n. <\/span>\t\t\t\t\t\t\t\t<\/div>\n\t\t\t\t<\/div>\n\t\t\t\t\t<\/div>\n\t\t<\/div>\n\t\t\t\t\t<\/div>\n\t\t<\/section>\n\t\t\t\t<section class=\"has_ae_slider elementor-section elementor-inner-section elementor-element elementor-element-c96e8a1 elementor-section-boxed elementor-section-height-default elementor-section-height-default ae-bg-gallery-type-default\" data-id=\"c96e8a1\" data-element_type=\"section\" data-e-type=\"section\">\n\t\t\t\t\t\t<div class=\"elementor-container elementor-column-gap-default\">\n\t\t\t\t\t<div class=\"has_ae_slider elementor-column elementor-col-50 elementor-inner-column elementor-element elementor-element-1052df9 ae-bg-gallery-type-default\" data-id=\"1052df9\" data-element_type=\"column\" data-e-type=\"column\">\n\t\t\t<div class=\"elementor-widget-wrap elementor-element-populated\">\n\t\t\t\t\t\t<div class=\"elementor-element elementor-element-b9ae78c elementor-widget elementor-widget-image\" data-id=\"b9ae78c\" data-element_type=\"widget\" data-e-type=\"widget\" data-widget_type=\"image.default\">\n\t\t\t\t<div class=\"elementor-widget-container\">\n\t\t\t\t\t\t\t\t\t\t\t\t\t\t\t<img loading=\"lazy\" decoding=\"async\" width=\"338\" height=\"496\" src=\"https:\/\/latinamericanliteraturetoday.org\/wp-content\/uploads\/2023\/03\/Maria-Elena-Moran_-Volver-a-cuando.png\" class=\"attachment-large size-large wp-image-21800\" alt=\"\" srcset=\"https:\/\/latinamericanliteraturetoday.org\/wp-content\/uploads\/2023\/03\/Maria-Elena-Moran_-Volver-a-cuando.png 338w, https:\/\/latinamericanliteraturetoday.org\/wp-content\/uploads\/2023\/03\/Maria-Elena-Moran_-Volver-a-cuando-204x300.png 204w\" sizes=\"(max-width: 338px) 100vw, 338px\" title=\"\">\t\t\t\t\t\t\t\t\t\t\t\t\t\t\t<\/div>\n\t\t\t\t<\/div>\n\t\t\t\t\t<\/div>\n\t\t<\/div>\n\t\t\t\t<div class=\"has_ae_slider elementor-column elementor-col-50 elementor-inner-column elementor-element elementor-element-2021231 ae-bg-gallery-type-default\" data-id=\"2021231\" data-element_type=\"column\" data-e-type=\"column\">\n\t\t\t<div class=\"elementor-widget-wrap elementor-element-populated\">\n\t\t\t\t\t\t<div class=\"elementor-element elementor-element-2539657 elementor-widget elementor-widget-heading\" data-id=\"2539657\" data-element_type=\"widget\" data-e-type=\"widget\" data-widget_type=\"heading.default\">\n\t\t\t\t<div class=\"elementor-widget-container\">\n\t\t\t\t\t<h3 class=\"elementor-heading-title elementor-size-default\">Mar\u00eda Elena Mor\u00e1n: <i>Volver a cu\u00e1ndo<\/i><\/h3>\t\t\t\t<\/div>\n\t\t\t\t<\/div>\n\t\t\t\t<div class=\"elementor-element elementor-element-a8d3315 elementor-widget elementor-widget-text-editor\" data-id=\"a8d3315\" data-element_type=\"widget\" data-e-type=\"widget\" data-widget_type=\"text-editor.default\">\n\t\t\t\t<div class=\"elementor-widget-container\">\n\t\t\t\t\t\t\t\t\t<span style=\"font-weight: 400;\">Con una escritura coloquial de gran musicalidad y hallazgos expresivos muy sugerentes, <\/span><i><span style=\"font-weight: 400;\">Volver a cu\u00e1ndo<\/span><\/i><span style=\"font-weight: 400;\"> habla, a trav\u00e9s del drama de una familia afectada por las consecuencias sociales del poschavismo, de c\u00f3mo sobreviven y en qu\u00e9 condiciones los ideales y las esperanzas de la gente en el campo de minas de la realidad. O como se\u00f1ala Pilar Quintana: \u201cCon su prosa rica y desparpajada, que no da pausa, que es como un r\u00edo o una marat\u00f3n, Mar\u00eda Elena Mor\u00e1n le da vida al caos. Una novela para sentir en carne propia la tragedia de Venezuela y sus migrantes. Una nueva voz que vale la pena leer\u201d.<\/span>\t\t\t\t\t\t\t\t<\/div>\n\t\t\t\t<\/div>\n\t\t\t\t\t<\/div>\n\t\t<\/div>\n\t\t\t\t\t<\/div>\n\t\t<\/section>\n\t\t\t\t<section class=\"has_ae_slider elementor-section elementor-inner-section elementor-element elementor-element-b669cc7 elementor-section-boxed elementor-section-height-default elementor-section-height-default ae-bg-gallery-type-default\" data-id=\"b669cc7\" data-element_type=\"section\" data-e-type=\"section\">\n\t\t\t\t\t\t<div class=\"elementor-container elementor-column-gap-default\">\n\t\t\t\t\t<div class=\"has_ae_slider elementor-column elementor-col-50 elementor-inner-column elementor-element elementor-element-e6c437f ae-bg-gallery-type-default\" data-id=\"e6c437f\" data-element_type=\"column\" data-e-type=\"column\">\n\t\t\t<div class=\"elementor-widget-wrap elementor-element-populated\">\n\t\t\t\t\t\t<div class=\"elementor-element elementor-element-5c8d741 elementor-widget elementor-widget-image\" data-id=\"5c8d741\" data-element_type=\"widget\" data-e-type=\"widget\" data-widget_type=\"image.default\">\n\t\t\t\t<div class=\"elementor-widget-container\">\n\t\t\t\t\t\t\t\t\t\t\t\t\t\t\t<img loading=\"lazy\" decoding=\"async\" width=\"353\" height=\"558\" src=\"https:\/\/latinamericanliteraturetoday.org\/wp-content\/uploads\/2023\/03\/Gustavo-Rodriguez_-Cien-cuyes.jpg\" class=\"attachment-large size-large wp-image-21792\" alt=\"\" srcset=\"https:\/\/latinamericanliteraturetoday.org\/wp-content\/uploads\/2023\/03\/Gustavo-Rodriguez_-Cien-cuyes.jpg 353w, https:\/\/latinamericanliteraturetoday.org\/wp-content\/uploads\/2023\/03\/Gustavo-Rodriguez_-Cien-cuyes-190x300.jpg 190w\" sizes=\"(max-width: 353px) 100vw, 353px\" title=\"\">\t\t\t\t\t\t\t\t\t\t\t\t\t\t\t<\/div>\n\t\t\t\t<\/div>\n\t\t\t\t\t<\/div>\n\t\t<\/div>\n\t\t\t\t<div class=\"has_ae_slider elementor-column elementor-col-50 elementor-inner-column elementor-element elementor-element-da6de4c ae-bg-gallery-type-default\" data-id=\"da6de4c\" data-element_type=\"column\" data-e-type=\"column\">\n\t\t\t<div class=\"elementor-widget-wrap elementor-element-populated\">\n\t\t\t\t\t\t<div class=\"elementor-element elementor-element-2f05955 elementor-widget elementor-widget-heading\" data-id=\"2f05955\" data-element_type=\"widget\" data-e-type=\"widget\" data-widget_type=\"heading.default\">\n\t\t\t\t<div class=\"elementor-widget-container\">\n\t\t\t\t\t<h3 class=\"elementor-heading-title elementor-size-default\">Gustavo Rodr\u00edguez: <i>Cien cuyes<\/i><\/h3>\t\t\t\t<\/div>\n\t\t\t\t<\/div>\n\t\t\t\t<div class=\"elementor-element elementor-element-d5b2ce4 elementor-widget elementor-widget-text-editor\" data-id=\"d5b2ce4\" data-element_type=\"widget\" data-e-type=\"widget\" data-widget_type=\"text-editor.default\">\n\t\t\t\t<div class=\"elementor-widget-container\">\n\t\t\t\t\t\t\t\t\t<span style=\"font-weight: 400;\">Hay una violencia estructural, subterr\u00e1nea, que recorre el Per\u00fa convulso de estos d\u00edas como lleva haci\u00e9ndolo siglos, una \u201cviolencia latente pero m\u00e1s peligrosa\u201d, como asegura Gustavo Rodr\u00edguez, ganador del<\/span><a href=\"https:\/\/elpais.com\/noticias\/premio-alfaguara-novela\/#?rel=arch\" target=\"_blank\" rel=\"noopener\"><span style=\"font-weight: 400;\">\u00a0Premio Alfaguara de novela<\/span><\/a><span style=\"font-weight: 400;\">\u00a02023. De esa violencia habla\u00a0<\/span><i><span style=\"font-weight: 400;\">Cien cuyes<\/span><\/i><span style=\"font-weight: 400;\">, la obra ganadora de la vigesimosexta edici\u00f3n del galard\u00f3n. El jurado, presidido por la<\/span><a href=\"https:\/\/elpais.com\/cultura\/2021-07-20\/claudia-pineiro-ya-me-queda-poco-tiempo-para-ver-que-argentina-va-a-estar-mejor.html\" target=\"_blank\" rel=\"noopener\"><span style=\"font-weight: 400;\">\u00a0escritora argentina Claudia Pi\u00f1eiro<\/span><\/a><span style=\"font-weight: 400;\">, ha destacado la obra premiada como \u201cuna novela tragic\u00f3mica, situada en la Lima de hoy, que refleja uno de los grandes conflictos de nuestro tiempo: somos sociedades cada vez m\u00e1s longevas y cada vez m\u00e1s hostiles con la gente mayor. Un libro conmovedor cuyos protagonistas cuidan, son cuidados y defienden la dignidad hasta sus \u00faltimas consecuencias\u201d.<\/span>\t\t\t\t\t\t\t\t<\/div>\n\t\t\t\t<\/div>\n\t\t\t\t\t<\/div>\n\t\t<\/div>\n\t\t\t\t\t<\/div>\n\t\t<\/section>\n\t\t\t\t<section class=\"has_ae_slider elementor-section elementor-inner-section elementor-element elementor-element-609c233 elementor-section-boxed elementor-section-height-default elementor-section-height-default ae-bg-gallery-type-default\" data-id=\"609c233\" data-element_type=\"section\" data-e-type=\"section\">\n\t\t\t\t\t\t<div class=\"elementor-container elementor-column-gap-default\">\n\t\t\t\t\t<div class=\"has_ae_slider elementor-column elementor-col-50 elementor-inner-column elementor-element elementor-element-3a588d1 ae-bg-gallery-type-default\" data-id=\"3a588d1\" data-element_type=\"column\" data-e-type=\"column\">\n\t\t\t<div class=\"elementor-widget-wrap elementor-element-populated\">\n\t\t\t\t\t\t<div class=\"elementor-element elementor-element-33f1bcd elementor-widget elementor-widget-image\" data-id=\"33f1bcd\" data-element_type=\"widget\" data-e-type=\"widget\" data-widget_type=\"image.default\">\n\t\t\t\t<div class=\"elementor-widget-container\">\n\t\t\t\t\t\t\t\t\t\t\t\t\t\t\t<img loading=\"lazy\" decoding=\"async\" width=\"298\" height=\"464\" src=\"https:\/\/latinamericanliteraturetoday.org\/wp-content\/uploads\/2023\/03\/Santiago-Espinosa_-Cuaderno-de-California.png\" class=\"attachment-large size-large wp-image-21810\" alt=\"\" srcset=\"https:\/\/latinamericanliteraturetoday.org\/wp-content\/uploads\/2023\/03\/Santiago-Espinosa_-Cuaderno-de-California.png 298w, https:\/\/latinamericanliteraturetoday.org\/wp-content\/uploads\/2023\/03\/Santiago-Espinosa_-Cuaderno-de-California-193x300.png 193w\" sizes=\"(max-width: 298px) 100vw, 298px\" title=\"\">\t\t\t\t\t\t\t\t\t\t\t\t\t\t\t<\/div>\n\t\t\t\t<\/div>\n\t\t\t\t\t<\/div>\n\t\t<\/div>\n\t\t\t\t<div class=\"has_ae_slider elementor-column elementor-col-50 elementor-inner-column elementor-element elementor-element-6ad842c ae-bg-gallery-type-default\" data-id=\"6ad842c\" data-element_type=\"column\" data-e-type=\"column\">\n\t\t\t<div class=\"elementor-widget-wrap elementor-element-populated\">\n\t\t\t\t\t\t<div class=\"elementor-element elementor-element-41d7743 elementor-widget elementor-widget-heading\" data-id=\"41d7743\" data-element_type=\"widget\" data-e-type=\"widget\" data-widget_type=\"heading.default\">\n\t\t\t\t<div class=\"elementor-widget-container\">\n\t\t\t\t\t<h3 class=\"elementor-heading-title elementor-size-default\">Santiago Espinosa: <i>Cuaderno de California<\/i><\/h3>\t\t\t\t<\/div>\n\t\t\t\t<\/div>\n\t\t\t\t<div class=\"elementor-element elementor-element-7b8084a elementor-widget elementor-widget-text-editor\" data-id=\"7b8084a\" data-element_type=\"widget\" data-e-type=\"widget\" data-widget_type=\"text-editor.default\">\n\t\t\t\t<div class=\"elementor-widget-container\">\n\t\t\t\t\t\t\t\t\t<span style=\"font-weight: 400;\">Entre el mar y la monta\u00f1a y, m\u00e1s precisamente, entre la fuerza de la marea y la inminencia de los terremotos, ocurren los tr\u00e1nsitos de <\/span><i><span style=\"font-weight: 400;\">Cuaderno de California<\/span><\/i><span style=\"font-weight: 400;\">. La observaci\u00f3n vulnerable, po\u00e9tica y pol\u00edtica del paisaje exterior provoca incesantes movimientos en el paisaje interior de una pareja (dos almas muy antiguas) que viaja: a veces son movimientos diminutos, a veces pr\u00f3ximos a los sismos. Cr\u00f3nica de viaje, memoria y di\u00e1logo de amor, la de Santiago Espinosa es una obra sabia en su hermosura y hermosa en la hondura de su reflexi\u00f3n: no es f\u00e1cil pensar tan agudamente cuando estamos tan conmovidos, en pausa por la belleza que nos captura.<\/span>\t\t\t\t\t\t\t\t<\/div>\n\t\t\t\t<\/div>\n\t\t\t\t\t<\/div>\n\t\t<\/div>\n\t\t\t\t\t<\/div>\n\t\t<\/section>\n\t\t\t\t<section class=\"has_ae_slider elementor-section elementor-inner-section elementor-element elementor-element-a945552 elementor-section-boxed elementor-section-height-default elementor-section-height-default ae-bg-gallery-type-default\" data-id=\"a945552\" data-element_type=\"section\" data-e-type=\"section\">\n\t\t\t\t\t\t<div class=\"elementor-container elementor-column-gap-default\">\n\t\t\t\t\t<div class=\"has_ae_slider elementor-column elementor-col-50 elementor-inner-column elementor-element elementor-element-b0877ec ae-bg-gallery-type-default\" data-id=\"b0877ec\" data-element_type=\"column\" data-e-type=\"column\">\n\t\t\t<div class=\"elementor-widget-wrap elementor-element-populated\">\n\t\t\t\t\t\t<div class=\"elementor-element elementor-element-d4643d9 elementor-widget elementor-widget-image\" data-id=\"d4643d9\" data-element_type=\"widget\" data-e-type=\"widget\" data-widget_type=\"image.default\">\n\t\t\t\t<div class=\"elementor-widget-container\">\n\t\t\t\t\t\t\t\t\t\t\t\t\t\t\t<img loading=\"lazy\" decoding=\"async\" width=\"400\" height=\"682\" src=\"https:\/\/latinamericanliteraturetoday.org\/wp-content\/uploads\/2023\/03\/Daniel-Guebel_-Un-crimen-japones.jpg\" class=\"attachment-large size-large wp-image-21790\" alt=\"\" srcset=\"https:\/\/latinamericanliteraturetoday.org\/wp-content\/uploads\/2023\/03\/Daniel-Guebel_-Un-crimen-japones.jpg 400w, https:\/\/latinamericanliteraturetoday.org\/wp-content\/uploads\/2023\/03\/Daniel-Guebel_-Un-crimen-japones-176x300.jpg 176w\" sizes=\"(max-width: 400px) 100vw, 400px\" title=\"\">\t\t\t\t\t\t\t\t\t\t\t\t\t\t\t<\/div>\n\t\t\t\t<\/div>\n\t\t\t\t\t<\/div>\n\t\t<\/div>\n\t\t\t\t<div class=\"has_ae_slider elementor-column elementor-col-50 elementor-inner-column elementor-element elementor-element-0212ecc ae-bg-gallery-type-default\" data-id=\"0212ecc\" data-element_type=\"column\" data-e-type=\"column\">\n\t\t\t<div class=\"elementor-widget-wrap elementor-element-populated\">\n\t\t\t\t\t\t<div class=\"elementor-element elementor-element-33e97bc elementor-widget elementor-widget-heading\" data-id=\"33e97bc\" data-element_type=\"widget\" data-e-type=\"widget\" data-widget_type=\"heading.default\">\n\t\t\t\t<div class=\"elementor-widget-container\">\n\t\t\t\t\t<h3 class=\"elementor-heading-title elementor-size-default\">Daniel Guebel: <i>Un crimen japon\u00e9s<\/i><\/h3>\t\t\t\t<\/div>\n\t\t\t\t<\/div>\n\t\t\t\t<div class=\"elementor-element elementor-element-b2fa410 elementor-widget elementor-widget-text-editor\" data-id=\"b2fa410\" data-element_type=\"widget\" data-e-type=\"widget\" data-widget_type=\"text-editor.default\">\n\t\t\t\t<div class=\"elementor-widget-container\">\n\t\t\t\t\t\t\t\t\t<span style=\"font-weight: 400;\">\u201cUn hijo no debe vivir bajo el mismo cielo que el asesino de su padre\u201d. Con esta frase de Confucio se inicia esta exquisita novela situada en el Jap\u00f3n medieval. Yutaka Tanaka, se\u00f1or feudal de la provincia de Sagami, debe vengar la muerte de su padre, asesinado por una banda de samur\u00e1is enmascarados. La investigaci\u00f3n del crimen lo arroja a los campos de batalla, a las intrigas cortesanas y sus traiciones. Como un pr\u00edncipe Hamlet perdido entre los pliegues de un pa\u00eds que no llega a comprender, Yutaka enfrentar\u00e1 la fascinaci\u00f3n de los aut\u00f3matas, las maniobras sentimentales de dama Ashikaga y los secretos del sokushinbutsu.<\/span>\t\t\t\t\t\t\t\t<\/div>\n\t\t\t\t<\/div>\n\t\t\t\t\t<\/div>\n\t\t<\/div>\n\t\t\t\t\t<\/div>\n\t\t<\/section>\n\t\t\t\t<section class=\"has_ae_slider elementor-section elementor-inner-section elementor-element elementor-element-094e271 elementor-section-boxed elementor-section-height-default elementor-section-height-default ae-bg-gallery-type-default\" data-id=\"094e271\" data-element_type=\"section\" data-e-type=\"section\">\n\t\t\t\t\t\t<div class=\"elementor-container elementor-column-gap-default\">\n\t\t\t\t\t<div class=\"has_ae_slider elementor-column elementor-col-50 elementor-inner-column elementor-element elementor-element-379edf1 ae-bg-gallery-type-default\" data-id=\"379edf1\" data-element_type=\"column\" data-e-type=\"column\">\n\t\t\t<div class=\"elementor-widget-wrap elementor-element-populated\">\n\t\t\t\t\t\t<div class=\"elementor-element elementor-element-01959e7 elementor-widget elementor-widget-image\" data-id=\"01959e7\" data-element_type=\"widget\" data-e-type=\"widget\" data-widget_type=\"image.default\">\n\t\t\t\t<div class=\"elementor-widget-container\">\n\t\t\t\t\t\t\t\t\t\t\t\t\t\t\t<img loading=\"lazy\" decoding=\"async\" width=\"400\" height=\"613\" src=\"https:\/\/latinamericanliteraturetoday.org\/wp-content\/uploads\/2023\/03\/Ignacio-Ezequiel-Hutin_-Ucrania_-Cronica-desde-el-frente.jpg\" class=\"attachment-large size-large wp-image-21794\" alt=\"\" srcset=\"https:\/\/latinamericanliteraturetoday.org\/wp-content\/uploads\/2023\/03\/Ignacio-Ezequiel-Hutin_-Ucrania_-Cronica-desde-el-frente.jpg 400w, https:\/\/latinamericanliteraturetoday.org\/wp-content\/uploads\/2023\/03\/Ignacio-Ezequiel-Hutin_-Ucrania_-Cronica-desde-el-frente-196x300.jpg 196w\" sizes=\"(max-width: 400px) 100vw, 400px\" title=\"\">\t\t\t\t\t\t\t\t\t\t\t\t\t\t\t<\/div>\n\t\t\t\t<\/div>\n\t\t\t\t\t<\/div>\n\t\t<\/div>\n\t\t\t\t<div class=\"has_ae_slider elementor-column elementor-col-50 elementor-inner-column elementor-element elementor-element-602c6ca ae-bg-gallery-type-default\" data-id=\"602c6ca\" data-element_type=\"column\" data-e-type=\"column\">\n\t\t\t<div class=\"elementor-widget-wrap elementor-element-populated\">\n\t\t\t\t\t\t<div class=\"elementor-element elementor-element-089438e elementor-widget elementor-widget-heading\" data-id=\"089438e\" data-element_type=\"widget\" data-e-type=\"widget\" data-widget_type=\"heading.default\">\n\t\t\t\t<div class=\"elementor-widget-container\">\n\t\t\t\t\t<h3 class=\"elementor-heading-title elementor-size-default\">Ignacio Ezequiel Hutin: <br><i>Ucrania: Cr\u00f3nica desde el frente<\/i><\/h3>\t\t\t\t<\/div>\n\t\t\t\t<\/div>\n\t\t\t\t<div class=\"elementor-element elementor-element-d6458b0 elementor-widget elementor-widget-text-editor\" data-id=\"d6458b0\" data-element_type=\"widget\" data-e-type=\"widget\" data-widget_type=\"text-editor.default\">\n\t\t\t\t<div class=\"elementor-widget-container\">\n\t\t\t\t\t\t\t\t\t<span style=\"font-weight: 400;\">El conflicto entre Rusia y Ucrania, pr\u00f3ximo a cumplir un a\u00f1o, tiene a\u00f1os de historia. El periodista argentino Ignacio Ezequiel Hutin es uno de los que mejor conoce el trasfondo porque estuvo all\u00ed, mientras recorr\u00eda los rincones m\u00e1s inh\u00f3spitos de Europa como corresponsal. El resultado es un libro en el que narra las inclemencias de la guerra en primera persona: <\/span><i><span style=\"font-weight: 400;\">Ucrania. Cr\u00f3nica desde el frente.<\/span><\/i><span style=\"font-weight: 400;\"> De un lado y de otro, ve sufrimiento, decadencia, ideales que se sostienen contra toda adversidad, combatientes de lugares tan lejanos como Am\u00e9rica Latina, y hasta declaraciones amargas: \u201cA veces disparan pero no para derrotar al otro sino porque los d\u00edas en que hay disparos se cobra m\u00e1s\u201d. <\/span>\t\t\t\t\t\t\t\t<\/div>\n\t\t\t\t<\/div>\n\t\t\t\t\t<\/div>\n\t\t<\/div>\n\t\t\t\t\t<\/div>\n\t\t<\/section>\n\t\t\t\t<section class=\"has_ae_slider elementor-section elementor-inner-section elementor-element elementor-element-e944706 elementor-section-boxed elementor-section-height-default elementor-section-height-default ae-bg-gallery-type-default\" data-id=\"e944706\" data-element_type=\"section\" data-e-type=\"section\">\n\t\t\t\t\t\t<div class=\"elementor-container elementor-column-gap-default\">\n\t\t\t\t\t<div class=\"has_ae_slider elementor-column elementor-col-50 elementor-inner-column elementor-element elementor-element-077a467 ae-bg-gallery-type-default\" data-id=\"077a467\" data-element_type=\"column\" data-e-type=\"column\">\n\t\t\t<div class=\"elementor-widget-wrap elementor-element-populated\">\n\t\t\t\t\t\t<div class=\"elementor-element elementor-element-129bc7f elementor-widget elementor-widget-image\" data-id=\"129bc7f\" data-element_type=\"widget\" data-e-type=\"widget\" data-widget_type=\"image.default\">\n\t\t\t\t<div class=\"elementor-widget-container\">\n\t\t\t\t\t\t\t\t\t\t\t\t\t\t\t<img loading=\"lazy\" decoding=\"async\" width=\"400\" height=\"563\" src=\"https:\/\/latinamericanliteraturetoday.org\/wp-content\/uploads\/2023\/03\/Natalia-Garcia-Freire_-Trajiste-contigo-el-viento.jpg\" class=\"attachment-large size-large wp-image-21806\" alt=\"\" srcset=\"https:\/\/latinamericanliteraturetoday.org\/wp-content\/uploads\/2023\/03\/Natalia-Garcia-Freire_-Trajiste-contigo-el-viento.jpg 400w, https:\/\/latinamericanliteraturetoday.org\/wp-content\/uploads\/2023\/03\/Natalia-Garcia-Freire_-Trajiste-contigo-el-viento-213x300.jpg 213w\" sizes=\"(max-width: 400px) 100vw, 400px\" title=\"\">\t\t\t\t\t\t\t\t\t\t\t\t\t\t\t<\/div>\n\t\t\t\t<\/div>\n\t\t\t\t\t<\/div>\n\t\t<\/div>\n\t\t\t\t<div class=\"has_ae_slider elementor-column elementor-col-50 elementor-inner-column elementor-element elementor-element-426508a ae-bg-gallery-type-default\" data-id=\"426508a\" data-element_type=\"column\" data-e-type=\"column\">\n\t\t\t<div class=\"elementor-widget-wrap elementor-element-populated\">\n\t\t\t\t\t\t<div class=\"elementor-element elementor-element-e69f0d6 elementor-widget elementor-widget-heading\" data-id=\"e69f0d6\" data-element_type=\"widget\" data-e-type=\"widget\" data-widget_type=\"heading.default\">\n\t\t\t\t<div class=\"elementor-widget-container\">\n\t\t\t\t\t<h3 class=\"elementor-heading-title elementor-size-default\">Natalia Garc\u00eda Freire: <i>Trajiste contigo el viento<\/i><\/h3>\t\t\t\t<\/div>\n\t\t\t\t<\/div>\n\t\t\t\t<div class=\"elementor-element elementor-element-9a91fe7 elementor-widget elementor-widget-text-editor\" data-id=\"9a91fe7\" data-element_type=\"widget\" data-e-type=\"widget\" data-widget_type=\"text-editor.default\">\n\t\t\t\t<div class=\"elementor-widget-container\">\n\t\t\t\t\t\t\t\t\t<span style=\"font-weight: 400;\">En esta novela, el lector se convierte en un habitante m\u00e1s de Cocu\u00e1n y es arrastrado por un lenguaje desbordante que desdibuja las fronteras entre los sue\u00f1os y la realidad. Natalia Garc\u00eda Freire retrata de nuevo en <\/span><i><span style=\"font-weight: 400;\">Trajiste contigo el viento<\/span><\/i><span style=\"font-weight: 400;\"> el hipn\u00f3tico universo andino, escenario privilegiado de su imaginario, \u00fanico en la literatura latinoamericana contempor\u00e1nea. Las voces de nueve personajes, Mildred, Ezequiel, Agustina, Manzi, Carmen, V\u00edctor, Baltasar, Hermosina y Filatelio, nos hablan del pasado y el presente de un lugar condenado y del milagro de Diosmadre en la Tierra. <\/span>\t\t\t\t\t\t\t\t<\/div>\n\t\t\t\t<\/div>\n\t\t\t\t\t<\/div>\n\t\t<\/div>\n\t\t\t\t\t<\/div>\n\t\t<\/section>\n\t\t\t\t<section class=\"has_ae_slider elementor-section elementor-inner-section elementor-element elementor-element-ee99fd2 elementor-section-boxed elementor-section-height-default elementor-section-height-default ae-bg-gallery-type-default\" data-id=\"ee99fd2\" data-element_type=\"section\" data-e-type=\"section\">\n\t\t\t\t\t\t<div class=\"elementor-container elementor-column-gap-default\">\n\t\t\t\t\t<div class=\"has_ae_slider elementor-column elementor-col-50 elementor-inner-column elementor-element elementor-element-2ab006b ae-bg-gallery-type-default\" data-id=\"2ab006b\" data-element_type=\"column\" data-e-type=\"column\">\n\t\t\t<div class=\"elementor-widget-wrap elementor-element-populated\">\n\t\t\t\t\t\t<div class=\"elementor-element elementor-element-4cdfb71 elementor-widget elementor-widget-image\" data-id=\"4cdfb71\" data-element_type=\"widget\" data-e-type=\"widget\" data-widget_type=\"image.default\">\n\t\t\t\t<div class=\"elementor-widget-container\">\n\t\t\t\t\t\t\t\t\t\t\t\t\t\t\t<img loading=\"lazy\" decoding=\"async\" width=\"400\" height=\"640\" src=\"https:\/\/latinamericanliteraturetoday.org\/wp-content\/uploads\/2023\/03\/Maria-Jose-Navia_-Todo-lo-que-aprendimos-de-las-peliculas.jpeg\" class=\"attachment-large size-large wp-image-21802\" alt=\"\" srcset=\"https:\/\/latinamericanliteraturetoday.org\/wp-content\/uploads\/2023\/03\/Maria-Jose-Navia_-Todo-lo-que-aprendimos-de-las-peliculas.jpeg 400w, https:\/\/latinamericanliteraturetoday.org\/wp-content\/uploads\/2023\/03\/Maria-Jose-Navia_-Todo-lo-que-aprendimos-de-las-peliculas-188x300.jpeg 188w\" sizes=\"(max-width: 400px) 100vw, 400px\" title=\"\">\t\t\t\t\t\t\t\t\t\t\t\t\t\t\t<\/div>\n\t\t\t\t<\/div>\n\t\t\t\t\t<\/div>\n\t\t<\/div>\n\t\t\t\t<div class=\"has_ae_slider elementor-column elementor-col-50 elementor-inner-column elementor-element elementor-element-f865c73 ae-bg-gallery-type-default\" data-id=\"f865c73\" data-element_type=\"column\" data-e-type=\"column\">\n\t\t\t<div class=\"elementor-widget-wrap elementor-element-populated\">\n\t\t\t\t\t\t<div class=\"elementor-element elementor-element-af476a3 elementor-widget elementor-widget-heading\" data-id=\"af476a3\" data-element_type=\"widget\" data-e-type=\"widget\" data-widget_type=\"heading.default\">\n\t\t\t\t<div class=\"elementor-widget-container\">\n\t\t\t\t\t<h3 class=\"elementor-heading-title elementor-size-default\">Mar\u00eda Jos\u00e9 Navia: <br><i>Todo lo que aprendimos de las pel\u00edculas<\/i><\/h3>\t\t\t\t<\/div>\n\t\t\t\t<\/div>\n\t\t\t\t<div class=\"elementor-element elementor-element-65ca426 elementor-widget elementor-widget-text-editor\" data-id=\"65ca426\" data-element_type=\"widget\" data-e-type=\"widget\" data-widget_type=\"text-editor.default\">\n\t\t\t\t<div class=\"elementor-widget-container\">\n\t\t\t\t\t\t\t\t\t<span style=\"font-weight: 400;\">\u201cPadres y madres y parejas y amigas y ecograf\u00edas, habitaciones peligrosas, visiones alteradas y la inminente posibilidad del fin de todas las cosas son proyectadas en la pantalla de <\/span><i><span style=\"font-weight: 400;\">Todo lo que aprendimos de las pel\u00edculas<\/span><\/i><span style=\"font-weight: 400;\"> por la linterna m\u00e1gica de<\/span> <span style=\"font-weight: 400;\">Mar\u00eda Jos\u00e9 Navia. Diez tramas que acaban conformando un mismo largometraje mental y que se leen\/ven no como cuentos de hadas pero s\u00ed como cuentos de embrujadas a la espera de la llegada de ese gran tornado que las lleve muy lejos o que las devuelva a ese sitio que jam\u00e1s quisieron abandonar. En el m\u00e1s technicolor black &amp; white, Navia ense\u00f1a todo lo mucho y muy bueno que sus lectores tienen para aprender de ella ley\u00e9ndola \u2013desde los cr\u00e9ditos de apertura hasta el <\/span><i><span style=\"font-weight: 400;\">The End, <\/span><\/i><span style=\"font-weight: 400;\">por favor, shhh, sin hacer ruido\u2013 en el m\u00e1s elocuente y conmovido y agradecido de los silencios por toda su luminosa oscuridad.\u201d &#8211; Rodrigo Fres\u00e1n<\/span>\t\t\t\t\t\t\t\t<\/div>\n\t\t\t\t<\/div>\n\t\t\t\t\t<\/div>\n\t\t<\/div>\n\t\t\t\t\t<\/div>\n\t\t<\/section>\n\t\t\t\t<section class=\"has_ae_slider elementor-section elementor-inner-section elementor-element elementor-element-831d829 elementor-section-boxed elementor-section-height-default elementor-section-height-default ae-bg-gallery-type-default\" data-id=\"831d829\" data-element_type=\"section\" data-e-type=\"section\">\n\t\t\t\t\t\t<div class=\"elementor-container elementor-column-gap-default\">\n\t\t\t\t\t<div class=\"has_ae_slider elementor-column elementor-col-50 elementor-inner-column elementor-element elementor-element-09fe27d ae-bg-gallery-type-default\" data-id=\"09fe27d\" data-element_type=\"column\" data-e-type=\"column\">\n\t\t\t<div class=\"elementor-widget-wrap elementor-element-populated\">\n\t\t\t\t\t\t<div class=\"elementor-element elementor-element-c96df08 elementor-widget elementor-widget-image\" data-id=\"c96df08\" data-element_type=\"widget\" data-e-type=\"widget\" data-widget_type=\"image.default\">\n\t\t\t\t<div class=\"elementor-widget-container\">\n\t\t\t\t\t\t\t\t\t\t\t\t\t\t\t<img loading=\"lazy\" decoding=\"async\" width=\"300\" height=\"450\" src=\"https:\/\/latinamericanliteraturetoday.org\/wp-content\/uploads\/2023\/03\/Claudia-Apablaza_-Historia-de-mi-lengua.jpeg\" class=\"attachment-large size-large wp-image-21788\" alt=\"\" srcset=\"https:\/\/latinamericanliteraturetoday.org\/wp-content\/uploads\/2023\/03\/Claudia-Apablaza_-Historia-de-mi-lengua.jpeg 300w, https:\/\/latinamericanliteraturetoday.org\/wp-content\/uploads\/2023\/03\/Claudia-Apablaza_-Historia-de-mi-lengua-200x300.jpeg 200w\" sizes=\"(max-width: 300px) 100vw, 300px\" title=\"\">\t\t\t\t\t\t\t\t\t\t\t\t\t\t\t<\/div>\n\t\t\t\t<\/div>\n\t\t\t\t\t<\/div>\n\t\t<\/div>\n\t\t\t\t<div class=\"has_ae_slider elementor-column elementor-col-50 elementor-inner-column elementor-element elementor-element-6d57455 ae-bg-gallery-type-default\" data-id=\"6d57455\" data-element_type=\"column\" data-e-type=\"column\">\n\t\t\t<div class=\"elementor-widget-wrap elementor-element-populated\">\n\t\t\t\t\t\t<div class=\"elementor-element elementor-element-2af71b1 elementor-widget elementor-widget-heading\" data-id=\"2af71b1\" data-element_type=\"widget\" data-e-type=\"widget\" data-widget_type=\"heading.default\">\n\t\t\t\t<div class=\"elementor-widget-container\">\n\t\t\t\t\t<h3 class=\"elementor-heading-title elementor-size-default\">Claudia Apablaza: <i>Historia de mi lengua<\/i><\/h3>\t\t\t\t<\/div>\n\t\t\t\t<\/div>\n\t\t\t\t<div class=\"elementor-element elementor-element-f524f76 elementor-widget elementor-widget-text-editor\" data-id=\"f524f76\" data-element_type=\"widget\" data-e-type=\"widget\" data-widget_type=\"text-editor.default\">\n\t\t\t\t<div class=\"elementor-widget-container\">\n\t\t\t\t\t\t\t\t\t<i><span style=\"font-weight: 400;\">Historia de mi lengua<\/span><\/i><span style=\"font-weight: 400;\"> es un texto de naturaleza h\u00edbrida, entre el diario \u00edntimo y el ensayo, escrito en peque\u00f1as im\u00e1genes dispersas. Adem\u00e1s, la edici\u00f3n espa\u00f1ola de <\/span><i><span style=\"font-weight: 400;\">Historia de mi lengua <\/span><\/i><span style=\"font-weight: 400;\">aparece con dos textos nuevos respecto a la chilena (publicada por Overol) y acompa\u00f1ada de ocho collages de Xoana El\u00edas, una artista visual de origen argentino radicada en Barcelona que ha desarrollado una obra gr\u00e1fica muy caracter\u00edstica y personal en torno al collage. Sus producciones, habitualmente en blanco y negro, indagan en las posibilidades de un minimalismo que ofrece im\u00e1genes sugerentes y po\u00e9ticas. <\/span>\t\t\t\t\t\t\t\t<\/div>\n\t\t\t\t<\/div>\n\t\t\t\t\t<\/div>\n\t\t<\/div>\n\t\t\t\t\t<\/div>\n\t\t<\/section>\n\t\t\t\t<section class=\"has_ae_slider elementor-section elementor-inner-section elementor-element elementor-element-e396c07 elementor-section-boxed elementor-section-height-default elementor-section-height-default ae-bg-gallery-type-default\" data-id=\"e396c07\" data-element_type=\"section\" data-e-type=\"section\">\n\t\t\t\t\t\t<div class=\"elementor-container elementor-column-gap-default\">\n\t\t\t\t\t<div class=\"has_ae_slider elementor-column elementor-col-50 elementor-inner-column elementor-element elementor-element-3681724 ae-bg-gallery-type-default\" data-id=\"3681724\" data-element_type=\"column\" data-e-type=\"column\">\n\t\t\t<div class=\"elementor-widget-wrap elementor-element-populated\">\n\t\t\t\t\t\t<div class=\"elementor-element elementor-element-8e0594b elementor-widget elementor-widget-image\" data-id=\"8e0594b\" data-element_type=\"widget\" data-e-type=\"widget\" data-widget_type=\"image.default\">\n\t\t\t\t<div class=\"elementor-widget-container\">\n\t\t\t\t\t\t\t\t\t\t\t\t\t\t\t<img loading=\"lazy\" decoding=\"async\" width=\"400\" height=\"624\" src=\"https:\/\/latinamericanliteraturetoday.org\/wp-content\/uploads\/2023\/03\/Amanda-Berenguer_-The-Lady-of-Elche-translated-by-Kristin-Dykstra.jpeg\" class=\"attachment-large size-large wp-image-21778\" alt=\"\" srcset=\"https:\/\/latinamericanliteraturetoday.org\/wp-content\/uploads\/2023\/03\/Amanda-Berenguer_-The-Lady-of-Elche-translated-by-Kristin-Dykstra.jpeg 400w, https:\/\/latinamericanliteraturetoday.org\/wp-content\/uploads\/2023\/03\/Amanda-Berenguer_-The-Lady-of-Elche-translated-by-Kristin-Dykstra-192x300.jpeg 192w\" sizes=\"(max-width: 400px) 100vw, 400px\" title=\"\">\t\t\t\t\t\t\t\t\t\t\t\t\t\t\t<\/div>\n\t\t\t\t<\/div>\n\t\t\t\t\t<\/div>\n\t\t<\/div>\n\t\t\t\t<div class=\"has_ae_slider elementor-column elementor-col-50 elementor-inner-column elementor-element elementor-element-51a1afd ae-bg-gallery-type-default\" data-id=\"51a1afd\" data-element_type=\"column\" data-e-type=\"column\">\n\t\t\t<div class=\"elementor-widget-wrap elementor-element-populated\">\n\t\t\t\t\t\t<div class=\"elementor-element elementor-element-90afd09 elementor-widget elementor-widget-heading\" data-id=\"90afd09\" data-element_type=\"widget\" data-e-type=\"widget\" data-widget_type=\"heading.default\">\n\t\t\t\t<div class=\"elementor-widget-container\">\n\t\t\t\t\t<h3 class=\"elementor-heading-title elementor-size-default\">Amanda Berenguer: <i>The Lady of Elche<\/i>, translated by Kristin Dykstra<\/h3>\t\t\t\t<\/div>\n\t\t\t\t<\/div>\n\t\t\t\t<div class=\"elementor-element elementor-element-6c800f5 elementor-widget elementor-widget-text-editor\" data-id=\"6c800f5\" data-element_type=\"widget\" data-e-type=\"widget\" data-widget_type=\"text-editor.default\">\n\t\t\t\t<div class=\"elementor-widget-container\">\n\t\t\t\t\t\t\t\t\t<span style=\"font-weight: 400;\">\u201cComo la escultura desenterrada que les da su t\u00edtulo, los poemas escritos en los a\u00f1os ochenta de Amanda Berenguer, compilados bajo el t\u00edtulo <\/span><i><span style=\"font-weight: 400;\">The Lady of Elche<\/span><\/i><span style=\"font-weight: 400;\">, son un enigma de identidad, historia y memoria construido a partir de esquirlas de lenguaje que cortan a trav\u00e9s del tiempo y el espacio. La voz po\u00e9tica emerge en Montevideo, en Espa\u00f1a, en el Gran Ca\u00f1\u00f3n, en Nueva York, en busca del yo y de la conexi\u00f3n. Las im\u00e1genes que pinta Berenguer son tan estremecedoras y tan terminantes como la \u2018<\/span><i><span style=\"font-weight: 400;\">mandrake moon<\/span><\/i><span style=\"font-weight: 400;\">\u2019 que \u2018<\/span><i><span style=\"font-weight: 400;\">stuck nightmares \/ and perversion into both sockets of my eyes<\/span><\/i><span style=\"font-weight: 400;\">\u2019, y tan evocadoras y fluidas como \u2018<\/span><i><span style=\"font-weight: 400;\">an oscillating forest of submerged cadavers \/ feet shackled in cement cubes<\/span><\/i><span style=\"font-weight: 400;\">\u201d. Las admirables traducciones realizadas por Dykstra son obras de artes por su propia cuenta, versionando agudamente en ingl\u00e9s los registros mutables y el movimiento con los cuales Berenguer navega por los rincones m\u00e1s lejanos de la modernidad.\u201d &#8211; Juliet Lynd<\/span>\t\t\t\t\t\t\t\t<\/div>\n\t\t\t\t<\/div>\n\t\t\t\t\t<\/div>\n\t\t<\/div>\n\t\t\t\t\t<\/div>\n\t\t<\/section>\n\t\t\t\t<section class=\"has_ae_slider elementor-section elementor-inner-section elementor-element elementor-element-963506d elementor-section-boxed elementor-section-height-default elementor-section-height-default ae-bg-gallery-type-default\" data-id=\"963506d\" data-element_type=\"section\" data-e-type=\"section\">\n\t\t\t\t\t\t<div class=\"elementor-container elementor-column-gap-default\">\n\t\t\t\t\t<div class=\"has_ae_slider elementor-column elementor-col-50 elementor-inner-column elementor-element elementor-element-38e61f8 ae-bg-gallery-type-default\" data-id=\"38e61f8\" data-element_type=\"column\" data-e-type=\"column\">\n\t\t\t<div class=\"elementor-widget-wrap elementor-element-populated\">\n\t\t\t\t\t\t<div class=\"elementor-element elementor-element-98040c6 elementor-widget elementor-widget-image\" data-id=\"98040c6\" data-element_type=\"widget\" data-e-type=\"widget\" data-widget_type=\"image.default\">\n\t\t\t\t<div class=\"elementor-widget-container\">\n\t\t\t\t\t\t\t\t\t\t\t\t\t\t\t<img loading=\"lazy\" decoding=\"async\" width=\"250\" height=\"406\" src=\"https:\/\/latinamericanliteraturetoday.org\/wp-content\/uploads\/2023\/03\/Pedro-Mairal_-Esta-historia-ya-no-esta-disponible.jpeg\" class=\"attachment-large size-large wp-image-21808\" alt=\"\" srcset=\"https:\/\/latinamericanliteraturetoday.org\/wp-content\/uploads\/2023\/03\/Pedro-Mairal_-Esta-historia-ya-no-esta-disponible.jpeg 250w, https:\/\/latinamericanliteraturetoday.org\/wp-content\/uploads\/2023\/03\/Pedro-Mairal_-Esta-historia-ya-no-esta-disponible-185x300.jpeg 185w\" sizes=\"(max-width: 250px) 100vw, 250px\" title=\"\">\t\t\t\t\t\t\t\t\t\t\t\t\t\t\t<\/div>\n\t\t\t\t<\/div>\n\t\t\t\t\t<\/div>\n\t\t<\/div>\n\t\t\t\t<div class=\"has_ae_slider elementor-column elementor-col-50 elementor-inner-column elementor-element elementor-element-eb30849 ae-bg-gallery-type-default\" data-id=\"eb30849\" data-element_type=\"column\" data-e-type=\"column\">\n\t\t\t<div class=\"elementor-widget-wrap elementor-element-populated\">\n\t\t\t\t\t\t<div class=\"elementor-element elementor-element-7d66b21 elementor-widget elementor-widget-heading\" data-id=\"7d66b21\" data-element_type=\"widget\" data-e-type=\"widget\" data-widget_type=\"heading.default\">\n\t\t\t\t<div class=\"elementor-widget-container\">\n\t\t\t\t\t<h3 class=\"elementor-heading-title elementor-size-default\">Pedro Mairal: <i>Esta historia ya no est\u00e1 disponible<\/i><\/h3>\t\t\t\t<\/div>\n\t\t\t\t<\/div>\n\t\t\t\t<div class=\"elementor-element elementor-element-b32b404 elementor-widget elementor-widget-text-editor\" data-id=\"b32b404\" data-element_type=\"widget\" data-e-type=\"widget\" data-widget_type=\"text-editor.default\">\n\t\t\t\t<div class=\"elementor-widget-container\">\n\t\t\t\t\t\t\t\t\t<span style=\"font-weight: 400;\">\u201cHay en estas p\u00e1ginas mucho humor, casi siempre de ese que surge sin buscarlo, cuando la escritura, venturosamente, se vuelve un modo de prolongar las conversaciones solitarias. Es un libro sobre alguien a quien se le ocurren poemas en el colectivo y cuentos cuando anda en taxi, alguien que quiz\u00e1s hacia el final de alguna caminata arma estos textos susurrantes y medio milagrosos. Los temas son deliciosamente miscel\u00e1neos: la paternidad, los demasiados libros, los conflictos vocacionales, los trajines del amor y la amistad, y sobre todo el deseo de aprender, de pronto, un poco m\u00e1s sobre el mundo. No creo que sea posible aludir a este libro sin pronunciar, aunque sea a la pasada, la palabra sabidur\u00eda.\u201d &#8211; Alejandro Zambra<\/span>\t\t\t\t\t\t\t\t<\/div>\n\t\t\t\t<\/div>\n\t\t\t\t\t<\/div>\n\t\t<\/div>\n\t\t\t\t\t<\/div>\n\t\t<\/section>\n\t\t\t\t<section class=\"has_ae_slider elementor-section elementor-inner-section elementor-element elementor-element-b6ded4f elementor-section-boxed elementor-section-height-default elementor-section-height-default ae-bg-gallery-type-default\" data-id=\"b6ded4f\" data-element_type=\"section\" data-e-type=\"section\">\n\t\t\t\t\t\t<div class=\"elementor-container elementor-column-gap-default\">\n\t\t\t\t\t<div class=\"has_ae_slider elementor-column elementor-col-50 elementor-inner-column elementor-element elementor-element-c4caab8 ae-bg-gallery-type-default\" data-id=\"c4caab8\" data-element_type=\"column\" data-e-type=\"column\">\n\t\t\t<div class=\"elementor-widget-wrap elementor-element-populated\">\n\t\t\t\t\t\t<div class=\"elementor-element elementor-element-c6eabd6 elementor-widget elementor-widget-image\" data-id=\"c6eabd6\" data-element_type=\"widget\" data-e-type=\"widget\" data-widget_type=\"image.default\">\n\t\t\t\t<div class=\"elementor-widget-container\">\n\t\t\t\t\t\t\t\t\t\t\t\t\t\t\t<img loading=\"lazy\" decoding=\"async\" width=\"400\" height=\"600\" src=\"https:\/\/latinamericanliteraturetoday.org\/wp-content\/uploads\/2023\/03\/Catalina-Lascano_-Aqui-estoy-yo-hablando-todo-el-rato.jpeg\" class=\"attachment-large size-large wp-image-21786\" alt=\"\" srcset=\"https:\/\/latinamericanliteraturetoday.org\/wp-content\/uploads\/2023\/03\/Catalina-Lascano_-Aqui-estoy-yo-hablando-todo-el-rato.jpeg 400w, https:\/\/latinamericanliteraturetoday.org\/wp-content\/uploads\/2023\/03\/Catalina-Lascano_-Aqui-estoy-yo-hablando-todo-el-rato-200x300.jpeg 200w\" sizes=\"(max-width: 400px) 100vw, 400px\" title=\"\">\t\t\t\t\t\t\t\t\t\t\t\t\t\t\t<\/div>\n\t\t\t\t<\/div>\n\t\t\t\t\t<\/div>\n\t\t<\/div>\n\t\t\t\t<div class=\"has_ae_slider elementor-column elementor-col-50 elementor-inner-column elementor-element elementor-element-104b342 ae-bg-gallery-type-default\" data-id=\"104b342\" data-element_type=\"column\" data-e-type=\"column\">\n\t\t\t<div class=\"elementor-widget-wrap elementor-element-populated\">\n\t\t\t\t\t\t<div class=\"elementor-element elementor-element-c6ae9a2 elementor-widget elementor-widget-heading\" data-id=\"c6ae9a2\" data-element_type=\"widget\" data-e-type=\"widget\" data-widget_type=\"heading.default\">\n\t\t\t\t<div class=\"elementor-widget-container\">\n\t\t\t\t\t<h3 class=\"elementor-heading-title elementor-size-default\">Catalina Lascano: <i>Aqu\u00ed estoy yo hablando todo el rato<\/i><\/h3>\t\t\t\t<\/div>\n\t\t\t\t<\/div>\n\t\t\t\t<div class=\"elementor-element elementor-element-cc8b9c3 elementor-widget elementor-widget-text-editor\" data-id=\"cc8b9c3\" data-element_type=\"widget\" data-e-type=\"widget\" data-widget_type=\"text-editor.default\">\n\t\t\t\t<div class=\"elementor-widget-container\">\n\t\t\t\t\t\t\t\t\t<span style=\"font-weight: 400;\">\u00bfQu\u00e9 es ser una hija, un hijo? Las respuestas son m\u00faltiples; ya las ensayaron entre otros Philip Roth, Vivian Gornick, Delphine de Vigan, Mauro Libertella, Richard Ford. En esta primera novela de Catalina Lascano, ser hijo es ser un detective: el que investiga la historia familiar, oculta bajo a\u00f1os de silencio y en cajones, cajas, sobres, cartas, cassettes, \u00e1lbumes de fotos. Pero es tambi\u00e9n ser el ladr\u00f3n: el que roba esas pistas, al padre y a la madre, para escribir su propia versi\u00f3n de la historia.<\/span>\t\t\t\t\t\t\t\t<\/div>\n\t\t\t\t<\/div>\n\t\t\t\t\t<\/div>\n\t\t<\/div>\n\t\t\t\t\t<\/div>\n\t\t<\/section>\n\t\t\t\t<section class=\"has_ae_slider elementor-section elementor-inner-section elementor-element elementor-element-5aba5ca elementor-section-boxed elementor-section-height-default elementor-section-height-default ae-bg-gallery-type-default\" data-id=\"5aba5ca\" data-element_type=\"section\" data-e-type=\"section\">\n\t\t\t\t\t\t<div class=\"elementor-container elementor-column-gap-default\">\n\t\t\t\t\t<div class=\"has_ae_slider elementor-column elementor-col-50 elementor-inner-column elementor-element elementor-element-934d600 ae-bg-gallery-type-default\" data-id=\"934d600\" data-element_type=\"column\" data-e-type=\"column\">\n\t\t\t<div class=\"elementor-widget-wrap elementor-element-populated\">\n\t\t\t\t\t\t<div class=\"elementor-element elementor-element-66921d5 elementor-widget elementor-widget-image\" data-id=\"66921d5\" data-element_type=\"widget\" data-e-type=\"widget\" data-widget_type=\"image.default\">\n\t\t\t\t<div class=\"elementor-widget-container\">\n\t\t\t\t\t\t\t\t\t\t\t\t\t\t\t<img loading=\"lazy\" decoding=\"async\" width=\"400\" height=\"521\" src=\"https:\/\/latinamericanliteraturetoday.org\/wp-content\/uploads\/2023\/03\/Magali-Etchebarne_-Como-cocinar-un-lobo.jpg\" class=\"attachment-large size-large wp-image-21840\" alt=\"\" srcset=\"https:\/\/latinamericanliteraturetoday.org\/wp-content\/uploads\/2023\/03\/Magali-Etchebarne_-Como-cocinar-un-lobo.jpg 400w, https:\/\/latinamericanliteraturetoday.org\/wp-content\/uploads\/2023\/03\/Magali-Etchebarne_-Como-cocinar-un-lobo-230x300.jpg 230w\" sizes=\"(max-width: 400px) 100vw, 400px\" title=\"\">\t\t\t\t\t\t\t\t\t\t\t\t\t\t\t<\/div>\n\t\t\t\t<\/div>\n\t\t\t\t\t<\/div>\n\t\t<\/div>\n\t\t\t\t<div class=\"has_ae_slider elementor-column elementor-col-50 elementor-inner-column elementor-element elementor-element-ee39c23 ae-bg-gallery-type-default\" data-id=\"ee39c23\" data-element_type=\"column\" data-e-type=\"column\">\n\t\t\t<div class=\"elementor-widget-wrap elementor-element-populated\">\n\t\t\t\t\t\t<div class=\"elementor-element elementor-element-9f3ee22 elementor-widget elementor-widget-heading\" data-id=\"9f3ee22\" data-element_type=\"widget\" data-e-type=\"widget\" data-widget_type=\"heading.default\">\n\t\t\t\t<div class=\"elementor-widget-container\">\n\t\t\t\t\t<h3 class=\"elementor-heading-title elementor-size-default\">Magal\u00ed Etchebarne: <i>C\u00f3mo cocinar un lobo<\/i><\/h3>\t\t\t\t<\/div>\n\t\t\t\t<\/div>\n\t\t\t\t<div class=\"elementor-element elementor-element-c7efd76 elementor-widget elementor-widget-text-editor\" data-id=\"c7efd76\" data-element_type=\"widget\" data-e-type=\"widget\" data-widget_type=\"text-editor.default\">\n\t\t\t\t<div class=\"elementor-widget-container\">\n\t\t\t\t\t\t\t\t\t<span style=\"font-weight: 400;\">\u201cUna tarde muere y aparecen todas las preguntas pero tambi\u00e9n nuevas certezas. Es como aprender un lenguaje nuevo, el de la poes\u00eda. Ahora, Magal\u00ed Etchebarne tiene que desarmar la casa. Recorrerla de nuevo, una \u00faltima vez, una vez m\u00e1s, vac\u00eda. Imposible no invocar a Anne Carson: \u2018Si la prosa es una casa, la poes\u00eda es alguien en llamas corriendo a trav\u00e9s de ella\u2019. Pero, lo prefiera o no, este fuego est\u00e1 controlado. Es un fuego moderado por alguien que dispone de su propia desesperaci\u00f3n.\u201d &#8211; Marina Mariasch<\/span>\t\t\t\t\t\t\t\t<\/div>\n\t\t\t\t<\/div>\n\t\t\t\t\t<\/div>\n\t\t<\/div>\n\t\t\t\t\t<\/div>\n\t\t<\/section>\n\t\t\t\t<section class=\"has_ae_slider elementor-section elementor-inner-section elementor-element elementor-element-b91879f elementor-section-boxed elementor-section-height-default elementor-section-height-default ae-bg-gallery-type-default\" data-id=\"b91879f\" data-element_type=\"section\" data-e-type=\"section\">\n\t\t\t\t\t\t<div class=\"elementor-container elementor-column-gap-default\">\n\t\t\t\t\t<div class=\"has_ae_slider elementor-column elementor-col-50 elementor-inner-column elementor-element elementor-element-867177e ae-bg-gallery-type-default\" data-id=\"867177e\" data-element_type=\"column\" data-e-type=\"column\">\n\t\t\t<div class=\"elementor-widget-wrap elementor-element-populated\">\n\t\t\t\t\t\t<div class=\"elementor-element elementor-element-8c369f6 elementor-widget elementor-widget-image\" data-id=\"8c369f6\" data-element_type=\"widget\" data-e-type=\"widget\" data-widget_type=\"image.default\">\n\t\t\t\t<div class=\"elementor-widget-container\">\n\t\t\t\t\t\t\t\t\t\t\t\t\t\t\t<img loading=\"lazy\" decoding=\"async\" width=\"300\" height=\"450\" src=\"https:\/\/latinamericanliteraturetoday.org\/wp-content\/uploads\/2023\/03\/Various-authors_-A-Scar-Where-Goodbyes-Are-Written_-An-Anthology-of-Venezuelan-Poets-in-Chile-translated-and-edited-by-David-M.-Brunson.jpeg\" class=\"attachment-large size-large wp-image-21812\" alt=\"\" srcset=\"https:\/\/latinamericanliteraturetoday.org\/wp-content\/uploads\/2023\/03\/Various-authors_-A-Scar-Where-Goodbyes-Are-Written_-An-Anthology-of-Venezuelan-Poets-in-Chile-translated-and-edited-by-David-M.-Brunson.jpeg 300w, https:\/\/latinamericanliteraturetoday.org\/wp-content\/uploads\/2023\/03\/Various-authors_-A-Scar-Where-Goodbyes-Are-Written_-An-Anthology-of-Venezuelan-Poets-in-Chile-translated-and-edited-by-David-M.-Brunson-200x300.jpeg 200w\" sizes=\"(max-width: 300px) 100vw, 300px\" title=\"\">\t\t\t\t\t\t\t\t\t\t\t\t\t\t\t<\/div>\n\t\t\t\t<\/div>\n\t\t\t\t\t<\/div>\n\t\t<\/div>\n\t\t\t\t<div class=\"has_ae_slider elementor-column elementor-col-50 elementor-inner-column elementor-element elementor-element-0f20900 ae-bg-gallery-type-default\" data-id=\"0f20900\" data-element_type=\"column\" data-e-type=\"column\">\n\t\t\t<div class=\"elementor-widget-wrap elementor-element-populated\">\n\t\t\t\t\t\t<div class=\"elementor-element elementor-element-d436d6a elementor-widget elementor-widget-heading\" data-id=\"d436d6a\" data-element_type=\"widget\" data-e-type=\"widget\" data-widget_type=\"heading.default\">\n\t\t\t\t<div class=\"elementor-widget-container\">\n\t\t\t\t\t<h3 class=\"elementor-heading-title elementor-size-default\">Various authors: <i>A Scar Where Goodbyes Are Written: An Anthology of Venezuelan Poets in Chile<\/i>, translated and edited by David M. Brunson<\/h3>\t\t\t\t<\/div>\n\t\t\t\t<\/div>\n\t\t\t\t<div class=\"elementor-element elementor-element-892652a elementor-widget elementor-widget-text-editor\" data-id=\"892652a\" data-element_type=\"widget\" data-e-type=\"widget\" data-widget_type=\"text-editor.default\">\n\t\t\t\t<div class=\"elementor-widget-container\">\n\t\t\t\t\t\t\t\t\t<i><span style=\"font-weight: 400;\">A Scar Where Goodbyes Are Written<\/span><\/i><span style=\"font-weight: 400;\"> es una antolog\u00eda biling\u00fce de poes\u00eda escrita por quince poetas venezolanos que actualmente residen en Chile. Editado y traducido por David M. Brunson, este volumen engloba la obra de j\u00f3venes poetas que vienen de circunstancias muy diferentes. Algunos ya han publicado varios libros mientras otros apenas est\u00e1n comenzando sus carreras literarias. La gran mayor\u00eda de los textos originales en espa\u00f1ol han salido en libros, antolog\u00edas y revistas en Chile, Venezuela y otros pa\u00edses hispanohablantes. [&#8230;] Un proyecto iniciado mientras Brunson viajaba por Chile durante el estallido social de 2019-2020, esta colecci\u00f3n biling\u00fce busca elevar las voces individuales de cada poeta migrante, para as\u00ed compartirlas con nuevos lectores y enriquecer la literatura disponible en ingl\u00e9s.<\/span>\t\t\t\t\t\t\t\t<\/div>\n\t\t\t\t<\/div>\n\t\t\t\t\t<\/div>\n\t\t<\/div>\n\t\t\t\t\t<\/div>\n\t\t<\/section>\n\t\t\t\t<section class=\"has_ae_slider elementor-section elementor-inner-section elementor-element elementor-element-c49c6b4 elementor-section-boxed elementor-section-height-default elementor-section-height-default ae-bg-gallery-type-default\" data-id=\"c49c6b4\" data-element_type=\"section\" data-e-type=\"section\">\n\t\t\t\t\t\t<div class=\"elementor-container elementor-column-gap-default\">\n\t\t\t\t\t<div class=\"has_ae_slider elementor-column elementor-col-50 elementor-inner-column elementor-element elementor-element-bf0ac88 ae-bg-gallery-type-default\" data-id=\"bf0ac88\" data-element_type=\"column\" data-e-type=\"column\">\n\t\t\t<div class=\"elementor-widget-wrap elementor-element-populated\">\n\t\t\t\t\t\t<div class=\"elementor-element elementor-element-f962cf0 elementor-widget elementor-widget-image\" data-id=\"f962cf0\" data-element_type=\"widget\" data-e-type=\"widget\" data-widget_type=\"image.default\">\n\t\t\t\t<div class=\"elementor-widget-container\">\n\t\t\t\t\t\t\t\t\t\t\t\t\t\t\t<img loading=\"lazy\" decoding=\"async\" width=\"400\" height=\"571\" src=\"https:\/\/latinamericanliteraturetoday.org\/wp-content\/uploads\/2023\/03\/Ana-Montes_-Meditacion-madre.jpg\" class=\"attachment-large size-large wp-image-21780\" alt=\"\" srcset=\"https:\/\/latinamericanliteraturetoday.org\/wp-content\/uploads\/2023\/03\/Ana-Montes_-Meditacion-madre.jpg 400w, https:\/\/latinamericanliteraturetoday.org\/wp-content\/uploads\/2023\/03\/Ana-Montes_-Meditacion-madre-210x300.jpg 210w\" sizes=\"(max-width: 400px) 100vw, 400px\" title=\"\">\t\t\t\t\t\t\t\t\t\t\t\t\t\t\t<\/div>\n\t\t\t\t<\/div>\n\t\t\t\t\t<\/div>\n\t\t<\/div>\n\t\t\t\t<div class=\"has_ae_slider elementor-column elementor-col-50 elementor-inner-column elementor-element elementor-element-2b1942d ae-bg-gallery-type-default\" data-id=\"2b1942d\" data-element_type=\"column\" data-e-type=\"column\">\n\t\t\t<div class=\"elementor-widget-wrap elementor-element-populated\">\n\t\t\t\t\t\t<div class=\"elementor-element elementor-element-327601c elementor-widget elementor-widget-heading\" data-id=\"327601c\" data-element_type=\"widget\" data-e-type=\"widget\" data-widget_type=\"heading.default\">\n\t\t\t\t<div class=\"elementor-widget-container\">\n\t\t\t\t\t<h3 class=\"elementor-heading-title elementor-size-default\">Ana Montes: <i>Meditaci\u00f3n madre<\/i><\/h3>\t\t\t\t<\/div>\n\t\t\t\t<\/div>\n\t\t\t\t<div class=\"elementor-element elementor-element-5374249 elementor-widget elementor-widget-text-editor\" data-id=\"5374249\" data-element_type=\"widget\" data-e-type=\"widget\" data-widget_type=\"text-editor.default\">\n\t\t\t\t<div class=\"elementor-widget-container\">\n\t\t\t\t\t\t\t\t\t<span style=\"font-weight: 400;\">En los once cuentos de <\/span><i><span style=\"font-weight: 400;\">Meditaci\u00f3n madre<\/span><\/i><span style=\"font-weight: 400;\"> una energ\u00eda salvaje lleva a las protagonistas al filo del desborde y amenaza con destruirlo todo. El deseo se convierte en obsesi\u00f3n y la obsesi\u00f3n trae consigo la inminencia del desastre. Ana Montes demuestra en este libro que lo cotidiano y lo dom\u00e9stico contienen tambi\u00e9n un costado desolador.<\/span>\t\t\t\t\t\t\t\t<\/div>\n\t\t\t\t<\/div>\n\t\t\t\t\t<\/div>\n\t\t<\/div>\n\t\t\t\t\t<\/div>\n\t\t<\/section>\n\t\t\t\t\t<\/div>\n\t\t<\/div>\n\t\t\t\t\t<\/div>\n\t\t<\/section>\n\t\t\t\t<\/div>\n\t\t","protected":false},"excerpt":{"rendered":"<p>Aura Garc\u00eda-Junco: Mar de piedra Ante una de las avenidas m\u00e1s transitadas, Madero est\u00e1 ocupada por las estatuas de los cientos de mujeres, hombres y hasta de ni\u00f1os desaparecidos d\u00eda tras d\u00eda. Este ins\u00f3lito fen\u00f3meno coincide con la propagaci\u00f3n de los mattangs \u2014mapas que, seg\u00fan los creyentes, revelan el destino a quien sepa leerlos\u2014 y [&hellip;]<\/p>\n","protected":false},"author":5,"featured_media":15048,"comment_status":"open","ping_status":"open","sticky":false,"template":"","format":"standard","meta":{"_acf_changed":false,"footnotes":""},"categories":[2882],"tags":[4411],"genre":[],"pretext":[],"section":[],"translator":[],"lal_author":[3091],"class_list":["post-21850","post","type-post","status-publish","format-standard","has-post-thumbnail","hentry","category-nota-bene","tag-numero-25-es","lal_author-lalt-team-es"],"acf":[],"_links":{"self":[{"href":"https:\/\/latinamericanliteraturetoday.org\/es\/wp-json\/wp\/v2\/posts\/21850","targetHints":{"allow":["GET"]}}],"collection":[{"href":"https:\/\/latinamericanliteraturetoday.org\/es\/wp-json\/wp\/v2\/posts"}],"about":[{"href":"https:\/\/latinamericanliteraturetoday.org\/es\/wp-json\/wp\/v2\/types\/post"}],"author":[{"embeddable":true,"href":"https:\/\/latinamericanliteraturetoday.org\/es\/wp-json\/wp\/v2\/users\/5"}],"replies":[{"embeddable":true,"href":"https:\/\/latinamericanliteraturetoday.org\/es\/wp-json\/wp\/v2\/comments?post=21850"}],"version-history":[{"count":0,"href":"https:\/\/latinamericanliteraturetoday.org\/es\/wp-json\/wp\/v2\/posts\/21850\/revisions"}],"wp:featuredmedia":[{"embeddable":true,"href":"https:\/\/latinamericanliteraturetoday.org\/es\/wp-json\/wp\/v2\/media\/15048"}],"wp:attachment":[{"href":"https:\/\/latinamericanliteraturetoday.org\/es\/wp-json\/wp\/v2\/media?parent=21850"}],"wp:term":[{"taxonomy":"category","embeddable":true,"href":"https:\/\/latinamericanliteraturetoday.org\/es\/wp-json\/wp\/v2\/categories?post=21850"},{"taxonomy":"post_tag","embeddable":true,"href":"https:\/\/latinamericanliteraturetoday.org\/es\/wp-json\/wp\/v2\/tags?post=21850"},{"taxonomy":"genre","embeddable":true,"href":"https:\/\/latinamericanliteraturetoday.org\/es\/wp-json\/wp\/v2\/genre?post=21850"},{"taxonomy":"pretext","embeddable":true,"href":"https:\/\/latinamericanliteraturetoday.org\/es\/wp-json\/wp\/v2\/pretext?post=21850"},{"taxonomy":"section","embeddable":true,"href":"https:\/\/latinamericanliteraturetoday.org\/es\/wp-json\/wp\/v2\/section?post=21850"},{"taxonomy":"translator","embeddable":true,"href":"https:\/\/latinamericanliteraturetoday.org\/es\/wp-json\/wp\/v2\/translator?post=21850"},{"taxonomy":"lal_author","embeddable":true,"href":"https:\/\/latinamericanliteraturetoday.org\/es\/wp-json\/wp\/v2\/lal_author?post=21850"}],"curies":[{"name":"wp","href":"https:\/\/api.w.org\/{rel}","templated":true}]}}