{"id":1591,"date":"2017-07-30T20:49:17","date_gmt":"2017-07-30T20:49:17","guid":{"rendered":"http:\/\/latinamericanliteraturetoday.wp\/2017\/07\/nota-bene-july-2017\/"},"modified":"2023-06-07T08:45:40","modified_gmt":"2023-06-07T14:45:40","slug":"nota-bene-july-2017","status":"publish","type":"post","link":"https:\/\/latinamericanliteraturetoday.org\/es\/2017\/07\/nota-bene-july-2017\/","title":{"rendered":"Nota Bene: Julio 2017"},"content":{"rendered":"<p><strong>Santiago Elordi:\u00a0<\/strong><em>Seven.\u00a0<\/em>(Espa\u00f1a. La Huerta Grande Editorial, 2016)<\/p>\n<p dir=\"ltr\"><b id=\"docs-internal-guid-8dd36c1a-952d-a1b1-917a-b1f0d254f2e2\"><img decoding=\"async\" style=\"width: 150px; height: 197px; margin: 10px; float: left; border-width: 1px; border-style: solid;\" src=\"https:\/\/lh6.googleusercontent.com\/ehISkOJCy-DnBYAum1v4FKnpcNS-NDbjVzQUOtb5oMEvmEAGeq7H-EclDBwsqEhWRKVKMZP1iGTbJbxb4JuPykMpG_7bIZsJ1RSydMaQomFhNVIrS54fbMeyn4Z5evjcjANwq50s1ocJrpZQHA\" alt=\"\/Users\/michaelredzich\/Desktop\/9788494659775_p0_v1_s1200x630.jpg\" title=\"\"><\/b><\/p>\n<p dir=\"ltr\">Una historia de amor entre un anciano manipulador y una bella artista visionaria. Una balada inclasificable, por momentos una parodia de novela negra, tambi\u00e9n una saga familiar que nadie sabe qui\u00e9n cuenta. Un sarc\u00e1stico y punzante testimonio de nuestro mundo global, indeterminado, tr\u00e1gico, hilarante, donde la humanidad aparece cuando menos se la espera: a la sombra del dinero o en ambientes que parecen no tener due\u00f1os ni espacio. Un grito que denuncia la orfandad por medio de un humor y de una ternura como pocas veces se ha escuchado en nuestra lengua. Contada con una inusual econom\u00eda ret\u00f3rica, esta tr\u00e1gica y encantadora historia es todo un hallazgo de un autor chileno.<\/p>\n<p dir=\"ltr\"><strong>Natalia Crespo:\u00a0<\/strong><em>Jot\u00f3n.\u00a0<\/em>(Argentina. Modesto Rimba, 2017)<\/p>\n<p dir=\"ltr\"><img decoding=\"async\" style=\"width: 150px; height: 215px; margin: 10px; float: left;\" src=\"https:\/\/lh6.googleusercontent.com\/23fgsuh2YG-x5tlxe69pFCJAhc4VUI0GfHcg4NtuZw2ESkT4gSPjOr7Njbq2_vWEmTrmhBJC6XRYKdkPckrACyaj89sFjuhbiVGYD9TDEvwmGBprSPpAodt_O4WgythWTd8sq5YvbJL4jKaUEQ\" alt=\"\/Users\/michaelredzich\/Desktop\/40c22aad17b0c7b0392ad4a34c2dd5f9.jpeg\" title=\"\"><\/p>\n<p dir=\"ltr\"><em>Jot\u00f3n<\/em> de Natalia Crespo se inscribe en la larga tradici\u00f3n de las literaturas del exilio. M\u00e1s precisamente, en la crisis argentina del 2001 (&#8230;): \u00e9ste es el marco en el que los protagonistas de <em>Jot\u00f3n<\/em>, Marisa y Eduardo, deciden irse a los Estados Unidos, con su hijita de pocos meses. Una tercera persona flexible permite el avance preciso e impiadoso de la inteligencia. Pero tambi\u00e9n nos ofrece una perspectiva intimista que pronto se nos vuelve entra\u00f1able. Sufrimos junto a Marisa desdicha tras desdicha pero siempre mediatizada por el humor. El otro gran protagonista de esta novela es el lenguaje. La nostalgia y el desgarro de la aventura jotonesa se encarnan as\u00ed en la escritura.<\/p>\n<p dir=\"ltr\">&#8211; In\u00e9s Fern\u00e1ndez Moreno<\/p>\n<p dir=\"ltr\"><strong>Pablo Fern\u00e1ndez:\u00a0<\/strong><em>Piquero.\u00a0<\/em>(Santiago de Chile. Cuarto Propio, 2017)<\/p>\n<p dir=\"ltr\"><img decoding=\"async\" style=\"width: 150px; height: 233px; margin: 10px; float: left;\" src=\"https:\/\/lh5.googleusercontent.com\/VAMN26JQP1uYoMJAzEBbPR2AFR9vbaw_AOzxD5ebx5_NNJQwnNlmwu3jYdbhC4U0tsGVb3r4Z8FqP6K0DMAceXpS_yRNcTniV2Ttx8Nm_sQB6f7ycivHlFe3pA4RimSwADm6pqzIQTlOFE4_Dg\" alt=\"\/Users\/michaelredzich\/Desktop\/pfer220516.jpg\" title=\"\">Desde una narraci\u00f3n fragmentaria, como si fuera un\u00a0poema largo y virtualizado, Pablo Fern\u00e1ndez se hace\u00a0cargo del cuarto oscuro del deseo en la cabeza de un tipo\u00a0com\u00fan que arrastra el vac\u00edo de s\u00ed mismo. Novela corta,\u00a0relato largo o la ficci\u00f3n virtual que da se\u00f1as para\u00a0re-construir un cuadro, un detalle de la cultura de citas que\u00a0vivimos en la red.<\/p>\n<p dir=\"ltr\"><span style=\"color: #ffffff;\">.<\/span><\/p>\n<p dir=\"ltr\"><span style=\"color: #ffffff;\">.<\/span><\/p>\n<p dir=\"ltr\"><span style=\"color: #ffffff;\">.<\/span><\/p>\n<p dir=\"ltr\"><span style=\"color: #ffffff;\">.<\/span><\/p>\n<p dir=\"ltr\"><span style=\"color: #ffffff;\">.<br \/>\n<\/span><\/p>\n<p dir=\"ltr\"><span style=\"color: #ffffff;\">.<\/span><\/p>\n<p dir=\"ltr\"><span style=\"color: #ffffff;\">.<\/span><\/p>\n<p dir=\"ltr\"><span style=\"color: #ffffff;\">.<\/span><\/p>\n<p dir=\"ltr\"><strong>Mariana Dim\u00f3pulos:\u00a0<\/strong><em>Carrusel Benjamin.\u00a0<\/em>(Argentina. Eterna Cadencia, 2017)<\/p>\n<p dir=\"ltr\"><img decoding=\"async\" style=\"width: 150px; height: 237px; margin: 10px; float: left;\" src=\"https:\/\/lh6.googleusercontent.com\/mOCm-emGyiB-SVWIuu63tfxq4IL6jj6jb5Zwen2s8t5B3TZB-p77W7B2nC1ryzdR0JXgyn1gYUUAz7F4YPaApmAVjIac7uloHuXjLfmYw_q_agHbIiNhnQM5HBucw0xV5m2aNrPdNt7nEmdcyA\" alt=\"\/Users\/michaelredzich\/Desktop\/418OrpV6S5L._SX314_BO1,204,203,200_.jpg\" title=\"\">Un libro sorprendente e iluminador que se adentra profundamente en esa lenta dial\u00e9ctica desarrollada por Benjamin, convirti\u00e9ndose en un texto de imprescindible lectura. Dim\u00f3pulos evita la cronolog\u00eda y construye en cambio su argumentaci\u00f3n progresivamente a partir de un principio triangular. \u201cPorque el saber del arte era al mismo tiempo un saber de la historia, y el saber de la historia un saber del presente\u201d, sostiene. Analiza as\u00ed este tri\u00e1ngulo y las varias formas que adopt\u00f3 en la obra de Benjamin frente a diversas estaciones, como en un carrusel. Ni una filosof\u00eda de la historia, ni una teor\u00eda cr\u00edtica del arte, ni una rehabilitaci\u00f3n de la m\u00edstica m\u00e1s o menos teol\u00f3gica, sino sucesivas reconversiones, conceptos que avanzan en capas.<\/p>\n<p dir=\"ltr\"><strong>Javier Cercas:\u00a0<\/strong><em>El punto ciego.\u00a0<\/em>(Espa\u00f1a. Literatura Random House, 2016)<\/p>\n<p dir=\"ltr\"><img decoding=\"async\" style=\"width: 150px; height: 255px; margin: 10px; float: left;\" src=\"https:\/\/lh6.googleusercontent.com\/YKlLl_qLYTFX-N_X-he3ABNISGvlzVby0Mj84ZDkmykHitRZAwd6qJAb71Td9rgHfZ7TcA3uXA3XANSw-ckhju8UPmJNpqqdbPDjSNnj0fMzwEDvVZj2QkE507ucoQTTbXHF4p3qsEY1SfMlDQ\" alt=\"\/Users\/michaelredzich\/Desktop\/9788439731177.jpg\" title=\"\">En 2015 Javier Cercas ocup\u00f3 en la Universidad de Oxford la c\u00e1tedra Weidenfeld de Literatura Europea Comparada, y, bas\u00e1ndose en las conferencias all\u00ed impartidas, Cercas ha escrito un libro que posee la coherencia estructural y la voluntad estil\u00edstica de una novela. En \u00e9l realiza una triple y complementaria operaci\u00f3n: En primer lugar formula una original\u00edsima teor\u00eda de la novela surgida de su propia experiencia de escritor y de la relectura de algunas obras fundamentales, del <em>Quijote<\/em> para ac\u00e1. En segundo lugar define y vindica algunos rasgos de la novela del siglo XXI, que son algunos rasgos de la mejor novela de siempre: su iron\u00eda y ambig\u00fcedad esenciales, su innegociable deber de innovaci\u00f3n, su naturaleza gozosamente omn\u00edvora, sus intrincadas relaciones con lo ficticio y lo real. En tercer lugar reflexiona sobre el sentido actual de la novela, del novelista y de la incierta y desprestigiada figura del intelectual.<\/p>\n<p dir=\"ltr\"><strong>Pablo Brescia:\u00a0<\/strong><em>La derrota de lo real.\u00a0<\/em>(Argentina. Suburbano Ediciones, 2017)<\/p>\n<p dir=\"ltr\"><img decoding=\"async\" style=\"width: 150px; height: 231px; margin: 10px; float: left;\" src=\"https:\/\/lh3.googleusercontent.com\/0l9k9B94y25XiWXGR-CIxbBZdt5IWsSjkx9fBrJZGzg_7s41Ysx02ym7TMBgy1b_fdWKQsG14FnzCHfZm7cUVnPUcaZ6UJObUYTwacYyc_Ulf7N_PY0XnfnZUt4mTR1EqSsKfn7gb9GXPKLyYA\" alt=\"\/Users\/michaelredzich\/Desktop\/41ENmHwYMkL._SX322_BO1,204,203,200_.jpg\" title=\"\"><em>La derrota de lo real<\/em> es un poderoso ant\u00eddoto literario para recuperar la cordura. Desde los desiertos donde s\u00f3lo crecen los cementerios hasta los caminos rociados de llanto de las pla\u00f1ideras de Nepal, estos relatos se construyen a partir del vac\u00edo, dando forma a mundos donde las emociones, la crueldad, la pasi\u00f3n y la iron\u00eda aparecen desnudas, desarticuladas, transformadas en accesorios que, como el Pene Desmontable\u2122 de Mr. White, pueden ser revendidos en un mercado de pulgas. Lo real es derrotado por lo imaginario y el aut\u00e9ntico vencedor es la literatura.<\/p>\n<p dir=\"ltr\"><strong>Jorge Baradit:\u00a0<\/strong><em>La guerra interior.\u00a0<\/em>(Santiago de Chile. Plaza y Jan\u00e9s Ediciones, 2017)<\/p>\n<p dir=\"ltr\"><img decoding=\"async\" style=\"width: 150px; height: 226px; margin: 10px; float: left;\" src=\"https:\/\/lh3.googleusercontent.com\/PLdC_15OukeLb6uvSo06fr7FSAQHTDccjZtUVu_Mt14t-smR3T9cbNxm2w3ofua4Ny-_a2JhlfiB1M26K1r3rsMxhcssMqcEMx27codtTi7_8gsCKIvW8LtzfGeo9WDIdrBtRBlvcRPwPukRYw\" alt=\"\/Users\/michaelredzich\/Desktop\/unnamed-5.jpg\" title=\"\">Ciudades que desaparecen, un apocalipsis en ciernes, una sociedad que se desintegra, sistemas pol\u00edticos sometidos a sus fracasos, inteligencia artificial sin control, seres humanos que vuelven a nacer, fracturas en la Tierra que esconden arcaicos secretos. Jorge Baradit, en cada uno de los relatos que componen La guerra interior, crea un mundo \u00fanico en donde no sabemos qu\u00e9 es pasado, presente ni futuro, porque la l\u00ednea del tiempo se ha perdido en una distop\u00eda infernal.<\/p>\n<p dir=\"ltr\"><strong>Yolanda Guerrero:\u00a0<\/strong><em>El hurac\u00e1n y la mariposa.\u00a0<\/em>(Espa\u00f1a. Catedral, 2017)<\/p>\n<p dir=\"ltr\"><em><img decoding=\"async\" class=\" alignleft size-full wp-image-1588\" style=\"width: 150px; height: 222px; margin: 10px; float: left;\" src=\"https:\/\/latinamericanliteraturetoday.org\/wp-content\/uploads\/2017\/07\/el_huracan_y_la_mariposa.jpg\" alt=\"\" width=\"150\" height=\"222\" title=\"\">El hurac\u00e1n y la mariposa<\/em> es la historia de un naufragio, el de tres mujeres unidas por una tragedia y separadas por el dolor, el rechazo, el desamparo y la ceniza de la culpa. Tras un viaje revelador, Sof\u00eda Baena, una mujer idealista e independiente, decide emprender la b\u00fasqueda de su hija: adopta una ni\u00f1a de siete a\u00f1os con cara de \u00e1ngel y ojos negros como crespones. Pero como Pers\u00e9fone, Marina fue raptada por Hades y lleva el infierno tatuado en el coraz\u00f3n. Un pasado oscuro la abrasa en un incendio perpetuo y pronto empieza a desarrollar una aversi\u00f3n enfermiza hacia su madre adoptiva que culmina en ataques cada vez m\u00e1s virulentos.<\/p>\n<p dir=\"ltr\"><strong>Nona Fern\u00e1ndez:\u00a0<\/strong><em>La dimensi\u00f3n desconocida.\u00a0<\/em>(Santiago de Chile. Literatura Random House, 2017)<\/p>\n<p dir=\"ltr\"><b id=\"docs-internal-guid-8dd36c1a-953c-d593-4d86-f2ba5836cedb\"><img decoding=\"async\" style=\"width: 150px; height: 235px; margin: 10px; float: left;\" src=\"https:\/\/lh6.googleusercontent.com\/1u8_vwYXU511csivh756CgBjj1OxO5FQVC5rGM9oNthqdWADOSpQhq0D3alOI-Vi13cmhj1VZDKjbWIWjYeB8JgLHYm1Mskm4v3k4H4fGheIZ3LhvpUJ5KADJcSPxn6NjFyGAySZE_Us8xl2EA\" alt=\"\/Users\/michaelredzich\/Desktop\/9789569766275.jpg\" title=\"\"><\/b>En plena dictadura chilena, un angustiado hombre llega a las oficinas de una revista de oposici\u00f3n. Es un agente de la polic\u00eda secreta. Quiero hablar, dice, y una periodista prende su grabadora para escuchar un testimonio que abrir\u00e1 las puertas de una dimensi\u00f3n hasta entonces desconocida. Siguiendo la hebra de esta escena real, Nona Fern\u00e1ndez activa los mecanismos de la imaginaci\u00f3n para acceder a aquellos rincones donde la memoria y los archivos no han podido llegar. Confrontando su propia experiencia con los relatos del hombre que torturaba, la narradora entra en las vidas de los protagonistas de ese testimonio ominoso: la de un padre que es detenido en una micro mientras lleva a sus hijos al colegio y la de un ni\u00f1o que cambia de nombres y de vidas hasta ser testigo de una masacre, entre otras.<\/p>\n<p>&nbsp;<\/p>\n<p dir=\"ltr\"><strong>Cynthia Rimsky:\u00a0<\/strong><em>El futuro es un lugar extra\u00f1o.\u00a0<\/em>(Santiago de Chile. Literatura Random House, 2016)<\/p>\n<p dir=\"ltr\"><b id=\"docs-internal-guid-8dd36c1a-953e-8877-8d17-2476e6df2cdb\"><img decoding=\"async\" style=\"width: 150px; height: 259px; margin: 10px; float: left;\" src=\"https:\/\/lh4.googleusercontent.com\/mjE1rCLSBemR0s3PmNw77aQPwCvOL34hwDhRXUiSFUqBh2vOOh4W2WY6WCpJldjCbCqBwd9shtFMBqlip4ThHkb8jdrAyf0C5ZUIcIXEe0MC0zBpYonfF3kCFkYNE8HOf9WE7KJKb9YD8ehC2Q\" alt=\"\/Users\/michaelredzich\/Desktop\/el-futuro.jpg\" title=\"\"><\/b><\/p>\n<p dir=\"ltr\">La Caldini es acusada por su marido de abandonar el hogar en com\u00fan. Durante el juicio se involucra con una abogada y un ex preso pol\u00edtico que la llevan de regreso a sus a\u00f1os de juventud, al barrio El Salto y a una lucha contra la dictadura que le parece muy distante, como si la joven de entonces no fuese ella. Cargada de humor negro, con personajes y episodios carnavalescos, El futuro es un lugar extra\u00f1o propone una vuelta a un Chile de los a\u00f1os ochenta que no huele a souvenir. Una delicada puesta en escena narrativa permite a la autora relatar la experiencia quebrada y fantasmal de una mujer congelada entre sus sue\u00f1os pol\u00edticos de juventud y el sofocante presente.<\/p>\n<p>&nbsp;<\/p>\n<p dir=\"ltr\"><strong>Antonia Torres:\u00a0<\/strong><em>Las vocales del verano.\u00a0<\/em>(Santiago de Chile. Literatura Random House, 2017)<\/p>\n<p dir=\"ltr\"><b id=\"docs-internal-guid-8dd36c1a-953f-ead2-3419-6a5b03bb8667\"><img decoding=\"async\" style=\"width: 150px; height: 241px; margin: 10px; float: left;\" src=\"https:\/\/lh4.googleusercontent.com\/UuoDEWteKFnGTWwoS5F0kErN1M01sJmtCT7JvtrSjDmS5eUZhje84WapKloKaDQ-nQcFT7BHm5BsjRqbRD8CSYL0R7SKo6Wctk_DtrdhzVF_sphxOrXoqL9c9t6BJBr3XGvLxhbFNApjamMbJA\" alt=\"\/Users\/michaelredzich\/Desktop\/vocales.jpg\" title=\"\"><\/b><\/p>\n<p dir=\"ltr\">Una mujer decide retirarse una temporada para meditar sobre su vida y escribir un texto del que nada sabemos. Para ello se va, en pleno invierno, a una antigua casa familiar en una playa sure\u00f1a en la que cuando ni\u00f1a pasaba los veranos. Entregada al ocio y la contemplaci\u00f3n del mar, piensa en algunos amores y en algunos muertos, especialmente en su padre y en la incierta historia com\u00fan. Una ma\u00f1ana sale a caminar por el fantasmal balneario en busca de le\u00f1a y conoce a un hombre que la lleva inusitadamente de vuelta a sus a\u00f1os de infancia, mientras que la niebla y el paisaje costero la conectan con pasados m\u00e1s remotos: la prehistoria ind\u00edgena del sur de Chile, el inmemorial origen geol\u00f3gico de esos territorios imponentes.<\/p>\n<p>&nbsp;<\/p>\n<p dir=\"ltr\"><strong>Guillermo Parvex:\u00a0<\/strong><em>Un veterano de tres guerras: Recuerdos de Jos\u00e9 Miguel Varela.\u00a0<\/em>(Santiago de Chile. Academia de Historia Militar, 2017)<\/p>\n<p dir=\"ltr\"><b id=\"docs-internal-guid-8dd36c1a-9541-f376-e23c-946f427614c6\"><img decoding=\"async\" style=\"width: 150px; height: 213px; margin: 10px; float: left;\" src=\"https:\/\/lh6.googleusercontent.com\/kl73E2W_pDGedKEkq7MY4FLNG0QfpOS7W90ebv-8Fl5U1qFjZUkdDOUrG68NyFMzUrGMpb79W_bTQmHn1Y2gc2jbDFRJAaM0QFxKIP9xo181aETj4wFD_z6YKAMD-y0Anw20Tr6RPyb6jJFivA\" alt=\"\/Users\/michaelredzich\/Desktop\/9789568989019.jpg\" title=\"\"><\/b><\/p>\n<p dir=\"ltr\">En un ameno y coloquial lenguaje, el abogado y oficial de ej\u00e9rcito\u00a0Jos\u00e9 Miguel Varela, nos relata sus experiencias en la Guerra del Pacifico, Campa\u00f1as de la Araucan\u00eda y Guerra Civil de 1891. Sus p\u00e1ginas entregan una combinaci\u00f3n de impresionantes descripciones de cruentos combates, con relatos que muestran que la guerra tambi\u00e9n deja espacios para actos de nobleza y humanidad, intercalados con detallados datos hist\u00f3ricos que permiten situarse en la \u00e9poca y el lugar en que transcurren los hechos. Esta biograf\u00eda, rescatada de viejos apuntes que se publican m\u00e1s de setenta a\u00f1os despu\u00e9s de la muerte del protagonista, entrega adem\u00e1s una visi\u00f3n personal de las transformaciones que experiment\u00f3 Chile durante medio siglo, a partir de 1879. Son procesos sociales y pol\u00edticos donde Varela nos muestra aspectos de la grandeza y de la bajeza humana, de enfrentamientos y de reconciliaciones, de ingratitudes y de reconocimientos. En fin, nos presenta una s\u00edntesis del Chile que -en la guerra y en la paz- tanto ha costado construir.<\/p>\n<p dir=\"ltr\" style=\"text-align: right;\"><em>Edici\u00f3n: Michael Redzich<\/em><\/p>\n<p>&nbsp;<\/p>\n","protected":false},"excerpt":{"rendered":"<p>Nota Bene from the July 2017 issue of Latin American Literature Today.<\/p>\n","protected":false},"author":3,"featured_media":1335,"comment_status":"open","ping_status":"open","sticky":false,"template":"","format":"standard","meta":{"_acf_changed":false,"footnotes":""},"categories":[1],"tags":[4462],"genre":[2017],"pretext":[],"section":[2352],"translator":[],"lal_author":[3091],"class_list":["post-1591","post","type-post","status-publish","format-standard","has-post-thumbnail","hentry","category-uncategorized","tag-numero-3","genre-nota-bene-es","section-nota-bene-es","lal_author-lalt-team-es"],"acf":[],"_links":{"self":[{"href":"https:\/\/latinamericanliteraturetoday.org\/es\/wp-json\/wp\/v2\/posts\/1591","targetHints":{"allow":["GET"]}}],"collection":[{"href":"https:\/\/latinamericanliteraturetoday.org\/es\/wp-json\/wp\/v2\/posts"}],"about":[{"href":"https:\/\/latinamericanliteraturetoday.org\/es\/wp-json\/wp\/v2\/types\/post"}],"author":[{"embeddable":true,"href":"https:\/\/latinamericanliteraturetoday.org\/es\/wp-json\/wp\/v2\/users\/3"}],"replies":[{"embeddable":true,"href":"https:\/\/latinamericanliteraturetoday.org\/es\/wp-json\/wp\/v2\/comments?post=1591"}],"version-history":[{"count":0,"href":"https:\/\/latinamericanliteraturetoday.org\/es\/wp-json\/wp\/v2\/posts\/1591\/revisions"}],"wp:featuredmedia":[{"embeddable":true,"href":"https:\/\/latinamericanliteraturetoday.org\/es\/wp-json\/wp\/v2\/media\/1335"}],"wp:attachment":[{"href":"https:\/\/latinamericanliteraturetoday.org\/es\/wp-json\/wp\/v2\/media?parent=1591"}],"wp:term":[{"taxonomy":"category","embeddable":true,"href":"https:\/\/latinamericanliteraturetoday.org\/es\/wp-json\/wp\/v2\/categories?post=1591"},{"taxonomy":"post_tag","embeddable":true,"href":"https:\/\/latinamericanliteraturetoday.org\/es\/wp-json\/wp\/v2\/tags?post=1591"},{"taxonomy":"genre","embeddable":true,"href":"https:\/\/latinamericanliteraturetoday.org\/es\/wp-json\/wp\/v2\/genre?post=1591"},{"taxonomy":"pretext","embeddable":true,"href":"https:\/\/latinamericanliteraturetoday.org\/es\/wp-json\/wp\/v2\/pretext?post=1591"},{"taxonomy":"section","embeddable":true,"href":"https:\/\/latinamericanliteraturetoday.org\/es\/wp-json\/wp\/v2\/section?post=1591"},{"taxonomy":"translator","embeddable":true,"href":"https:\/\/latinamericanliteraturetoday.org\/es\/wp-json\/wp\/v2\/translator?post=1591"},{"taxonomy":"lal_author","embeddable":true,"href":"https:\/\/latinamericanliteraturetoday.org\/es\/wp-json\/wp\/v2\/lal_author?post=1591"}],"curies":[{"name":"wp","href":"https:\/\/api.w.org\/{rel}","templated":true}]}}